{"id":10162,"date":"2020-05-06T05:53:52","date_gmt":"2020-05-06T05:53:52","guid":{"rendered":"https:\/\/www.fanpage.it\/sport\/?p=1216445"},"modified":"2020-05-06T05:53:52","modified_gmt":"2020-05-06T05:53:52","slug":"inter-prove-daddio-per-diego-godin-vertonghen-e-kumbulla-nel-mirino-di-conte","status":"publish","type":"post","link":"https:\/\/nugnes.com\/?p=10162","title":{"rendered":"Inter, prove d\u2019addio per Diego Godin: Vertonghen e Kumbulla nel mirino di Conte"},"content":{"rendered":"<img src=\"https:\/\/static.fanpage.it\/wp-content\/uploads\/sites\/27\/2020\/05\/diego-godin-638x425.jpg\" \/><br \/>Il futuro di Diego Godin all'Inter \u00e8 sempre pi\u00f9 incerto anche se una prossima ripartenza del campionato ed eventuali prestazioni di livello porterebbero il centrale difensivo a poter rispettare il contratto che lo lega fino al 2022 a 5 milioni l'anno pi\u00f9 bonus. Ma per Conte non \u00e8 pi\u00f9 indispensabile, grazie alla crescita di Bastoni e alle visioni di mercato su Vertonghen e Kumbulla gi\u00e0 sul taccuino di Marotta.<br \/><a href=\"https:\/\/www.fanpage.it\/sport\/attualita\/inter-prove-daddio-per-diego-godin-vertonghen-e-kumbulla-nel-mirino-di-conte\/\">Continua a leggere<\/a>","protected":false},"excerpt":{"rendered":"<p>Il futuro di Diego Godin all&#8217;Inter \u00e8 sempre pi\u00f9 incerto anche se una prossima ripartenza del campionato ed eventuali prestazioni di livello porterebbero il centrale difensivo a poter rispettare il contratto che lo lega fino al 2022 a 5 milioni l&#8217;anno p&#8230;<\/p>\n","protected":false},"author":81,"featured_media":0,"comment_status":"closed","ping_status":"closed","sticky":false,"template":"","format":"standard","meta":{"om_disable_all_campaigns":false,"_monsterinsights_skip_tracking":false,"_monsterinsights_sitenote_active":false,"_monsterinsights_sitenote_note":"","_monsterinsights_sitenote_category":0,"footnotes":""},"categories":[75,746],"tags":[],"class_list":["post-10162","post","type-post","status-publish","format-standard","hentry","category-calcio","category-calciomercato"],"aioseo_notices":[],"_links":{"self":[{"href":"https:\/\/nugnes.com\/index.php?rest_route=\/wp\/v2\/posts\/10162","targetHints":{"allow":["GET"]}}],"collection":[{"href":"https:\/\/nugnes.com\/index.php?rest_route=\/wp\/v2\/posts"}],"about":[{"href":"https:\/\/nugnes.com\/index.php?rest_route=\/wp\/v2\/types\/post"}],"author":[{"embeddable":true,"href":"https:\/\/nugnes.com\/index.php?rest_route=\/wp\/v2\/users\/81"}],"replies":[{"embeddable":true,"href":"https:\/\/nugnes.com\/index.php?rest_route=%2Fwp%2Fv2%2Fcomments&post=10162"}],"version-history":[{"count":2,"href":"https:\/\/nugnes.com\/index.php?rest_route=\/wp\/v2\/posts\/10162\/revisions"}],"predecessor-version":[{"id":10164,"href":"https:\/\/nugnes.com\/index.php?rest_route=\/wp\/v2\/posts\/10162\/revisions\/10164"}],"wp:attachment":[{"href":"https:\/\/nugnes.com\/index.php?rest_route=%2Fwp%2Fv2%2Fmedia&parent=10162"}],"wp:term":[{"taxonomy":"category","embeddable":true,"href":"https:\/\/nugnes.com\/index.php?rest_route=%2Fwp%2Fv2%2Fcategories&post=10162"},{"taxonomy":"post_tag","embeddable":true,"href":"https:\/\/nugnes.com\/index.php?rest_route=%2Fwp%2Fv2%2Ftags&post=10162"}],"curies":[{"name":"wp","href":"https:\/\/api.w.org\/{rel}","templated":true}]}}