{"id":103971,"date":"2020-11-04T11:37:00","date_gmt":"2020-11-04T11:37:00","guid":{"rendered":"https:\/\/www.fanpage.it\/sport\/?p=1321325"},"modified":"2020-11-04T11:37:00","modified_gmt":"2020-11-04T11:37:00","slug":"armando-anastasio-a-fanpage-it-dal-napoli-al-rijeka-tifo-per-gli-azzurri-senza-rimpianti","status":"publish","type":"post","link":"https:\/\/nugnes.com\/?p=103971","title":{"rendered":"Armando Anastasio a Fanpage.it, dal Napoli al Rijeka: \u201cTifo per gli azzurri senza rimpianti\u201d"},"content":{"rendered":"<img src=\"https:\/\/static.fanpage.it\/wp-content\/uploads\/sites\/27\/2020\/11\/anastasio-intervista-638x425.jpg\" \/><br \/>Armando Anastasio \u00e8 il terzino sinistro del Rijeka, la squadra croata che domani affronter\u00e0 il Napoli in Europa League. Cresciuto nel settore giovanile azzurro, quella dell'ex Monza sar\u00e0 una partita speciale contro la squadra della sua citt\u00e0 di cui \u00e8 tifoso sin da piccolo. L'idolo Ghoulam e la stima di Benitez nei suoi confronti tra i ricordi pi\u00f9 nitidi di quell'esperienza. Domani sar\u00e0 anche l'occasione per ritrovare l'amico Dries Mertens: \"Ci siamo appena sentiti, abbiamo un bellissimo rapporto\".<br \/><a href=\"https:\/\/www.fanpage.it\/sport\/calcio\/armando-anastasio-a-fanpage-it-dal-napoli-al-rijeka-tifo-per-gli-azzurri-senza-rimpianti\/\">Continua a leggere<\/a>","protected":false},"excerpt":{"rendered":"<p>Armando Anastasio \u00e8 il terzino sinistro del Rijeka, la squadra croata che domani affronter\u00e0 il Napoli in Europa League. Cresciuto nel settore giovanile azzurro, quella dell&#8217;ex Monza sar\u00e0 una partita speciale contro la squadra della sua citt\u00e0 di cui \u00e8 t&#8230;<\/p>\n","protected":false},"author":191,"featured_media":0,"comment_status":"closed","ping_status":"closed","sticky":false,"template":"","format":"standard","meta":{"om_disable_all_campaigns":false,"_monsterinsights_skip_tracking":false,"_monsterinsights_sitenote_active":false,"_monsterinsights_sitenote_note":"","_monsterinsights_sitenote_category":0,"footnotes":""},"categories":[75,943,276,743],"tags":[],"class_list":["post-103971","post","type-post","status-publish","format-standard","hentry","category-calcio","category-europa-league","category-napoli","category-notizie"],"aioseo_notices":[],"_links":{"self":[{"href":"https:\/\/nugnes.com\/index.php?rest_route=\/wp\/v2\/posts\/103971","targetHints":{"allow":["GET"]}}],"collection":[{"href":"https:\/\/nugnes.com\/index.php?rest_route=\/wp\/v2\/posts"}],"about":[{"href":"https:\/\/nugnes.com\/index.php?rest_route=\/wp\/v2\/types\/post"}],"author":[{"embeddable":true,"href":"https:\/\/nugnes.com\/index.php?rest_route=\/wp\/v2\/users\/191"}],"replies":[{"embeddable":true,"href":"https:\/\/nugnes.com\/index.php?rest_route=%2Fwp%2Fv2%2Fcomments&post=103971"}],"version-history":[{"count":1,"href":"https:\/\/nugnes.com\/index.php?rest_route=\/wp\/v2\/posts\/103971\/revisions"}],"predecessor-version":[{"id":103972,"href":"https:\/\/nugnes.com\/index.php?rest_route=\/wp\/v2\/posts\/103971\/revisions\/103972"}],"wp:attachment":[{"href":"https:\/\/nugnes.com\/index.php?rest_route=%2Fwp%2Fv2%2Fmedia&parent=103971"}],"wp:term":[{"taxonomy":"category","embeddable":true,"href":"https:\/\/nugnes.com\/index.php?rest_route=%2Fwp%2Fv2%2Fcategories&post=103971"},{"taxonomy":"post_tag","embeddable":true,"href":"https:\/\/nugnes.com\/index.php?rest_route=%2Fwp%2Fv2%2Ftags&post=103971"}],"curies":[{"name":"wp","href":"https:\/\/api.w.org\/{rel}","templated":true}]}}