{"id":106125,"date":"2020-11-09T07:22:17","date_gmt":"2020-11-09T07:22:17","guid":{"rendered":"https:\/\/www.fanpage.it\/napoli\/?p=60613"},"modified":"2020-11-09T07:22:17","modified_gmt":"2020-11-09T07:22:17","slug":"covid-marcianise-e-orta-di-atella-non-sono-piu-zona-rossa","status":"publish","type":"post","link":"https:\/\/nugnes.com\/?p=106125","title":{"rendered":"Covid, Marcianise e Orta di Atella non sono pi\u00f9 zona rossa"},"content":{"rendered":"<img src=\"https:\/\/static.fanpage.it\/wp-content\/uploads\/sites\/30\/2020\/10\/esercito-zona-rossa-coronavirus-638x425.jpg\" \/><br \/>A partire da ieri, 8 novembre, Marcianise e Orta di Atella, nella provincia di Caserta, non sono pi\u00f9 zona rossa. \"Resta per\u00f2 la gravit\u00e0 dell'emergenza covid non solo a Marcianise, ma in ampie parti della provincia di Caserta e della Campania. Ci\u00f2 deve indurci a non abbassare la guardia\" fanno sapere dall'amministrazione comunale di Marcianise.<br \/><a href=\"https:\/\/www.fanpage.it\/napoli\/covid-marcianise-e-orta-di-atella-non-sono-piu-zona-rossa\/\">Continua a leggere<\/a>","protected":false},"excerpt":{"rendered":"<p>A partire da ieri, 8 novembre, Marcianise e Orta di Atella, nella provincia di Caserta, non sono pi\u00f9 zona rossa. &#8220;Resta per\u00f2 la gravit\u00e0 dell&#8217;emergenza covid non solo a Marcianise, ma in ampie parti della provincia di Caserta e della Campania. Ci\u00f2 deve &#8230;<\/p>\n","protected":false},"author":122,"featured_media":0,"comment_status":"closed","ping_status":"closed","sticky":false,"template":"","format":"standard","meta":{"om_disable_all_campaigns":false,"_monsterinsights_skip_tracking":false,"_monsterinsights_sitenote_active":false,"_monsterinsights_sitenote_note":"","_monsterinsights_sitenote_category":0,"footnotes":""},"categories":[745,839],"tags":[],"class_list":["post-106125","post","type-post","status-publish","format-standard","hentry","category-attualita","category-caserta"],"aioseo_notices":[],"_links":{"self":[{"href":"https:\/\/nugnes.com\/index.php?rest_route=\/wp\/v2\/posts\/106125","targetHints":{"allow":["GET"]}}],"collection":[{"href":"https:\/\/nugnes.com\/index.php?rest_route=\/wp\/v2\/posts"}],"about":[{"href":"https:\/\/nugnes.com\/index.php?rest_route=\/wp\/v2\/types\/post"}],"author":[{"embeddable":true,"href":"https:\/\/nugnes.com\/index.php?rest_route=\/wp\/v2\/users\/122"}],"replies":[{"embeddable":true,"href":"https:\/\/nugnes.com\/index.php?rest_route=%2Fwp%2Fv2%2Fcomments&post=106125"}],"version-history":[{"count":1,"href":"https:\/\/nugnes.com\/index.php?rest_route=\/wp\/v2\/posts\/106125\/revisions"}],"predecessor-version":[{"id":106126,"href":"https:\/\/nugnes.com\/index.php?rest_route=\/wp\/v2\/posts\/106125\/revisions\/106126"}],"wp:attachment":[{"href":"https:\/\/nugnes.com\/index.php?rest_route=%2Fwp%2Fv2%2Fmedia&parent=106125"}],"wp:term":[{"taxonomy":"category","embeddable":true,"href":"https:\/\/nugnes.com\/index.php?rest_route=%2Fwp%2Fv2%2Fcategories&post=106125"},{"taxonomy":"post_tag","embeddable":true,"href":"https:\/\/nugnes.com\/index.php?rest_route=%2Fwp%2Fv2%2Ftags&post=106125"}],"curies":[{"name":"wp","href":"https:\/\/api.w.org\/{rel}","templated":true}]}}