{"id":10830,"date":"2020-05-07T06:04:16","date_gmt":"2020-05-07T06:04:16","guid":{"rendered":"https:\/\/www.fanpage.it\/sport\/?p=1216804"},"modified":"2020-05-07T06:04:16","modified_gmt":"2020-05-07T06:04:16","slug":"brescia-gastaldello-abbiamo-paura-non-vogliamo-giocare-siamo-umani-non-macchine","status":"publish","type":"post","link":"https:\/\/nugnes.com\/?p=10830","title":{"rendered":"Brescia, Gastaldello: \u201cAbbiamo paura, non vogliamo giocare. Siamo umani non macchine\u201d"},"content":{"rendered":"<img src=\"https:\/\/static.fanpage.it\/wp-content\/uploads\/sites\/27\/2020\/05\/daniele-gastaldello-brescia-638x425.jpg\" \/><br \/>La Serie A \u00e8 pronta a ripartire e attende che il Governo dia il via libera ad allenamenti collettivi e campionato. A dispetto dell'unanimit\u00e0 conclamata dalla Lega Calcio, tra i club ci sono posizioni dissonanti. Una di queste \u00e8 quella del Brescia, a parlare questa volta \u00e8 Daniele Gastaldello: \"Abbiamo paura perch\u00e9 siamo esposti tutti. E qui tutti noi conosciamo qualcuno che ha vissuto una tragedia sulla propria pelle. Abbiamo visto quanto basti poco per rovinare una famiglia\".<br \/><a href=\"https:\/\/www.fanpage.it\/sport\/attualita\/brescia-gastaldello-abbiamo-paura-non-vogliamo-giocare-siamo-umani-non-macchine\/\">Continua a leggere<\/a>","protected":false},"excerpt":{"rendered":"<p>La Serie A \u00e8 pronta a ripartire e attende che il Governo dia il via libera ad allenamenti collettivi e campionato. A dispetto dell&#8217;unanimit\u00e0 conclamata dalla Lega Calcio, tra i club ci sono posizioni dissonanti. Una di queste \u00e8 quella del Brescia, a pa&#8230;<\/p>\n","protected":false},"author":100,"featured_media":0,"comment_status":"closed","ping_status":"closed","sticky":false,"template":"","format":"standard","meta":{"om_disable_all_campaigns":false,"_monsterinsights_skip_tracking":false,"_monsterinsights_sitenote_active":false,"_monsterinsights_sitenote_note":"","_monsterinsights_sitenote_category":0,"footnotes":""},"categories":[461,75,743,344],"tags":[],"class_list":["post-10830","post","type-post","status-publish","format-standard","hentry","category-brescia","category-calcio","category-notizie","category-serie-a"],"aioseo_notices":[],"_links":{"self":[{"href":"https:\/\/nugnes.com\/index.php?rest_route=\/wp\/v2\/posts\/10830","targetHints":{"allow":["GET"]}}],"collection":[{"href":"https:\/\/nugnes.com\/index.php?rest_route=\/wp\/v2\/posts"}],"about":[{"href":"https:\/\/nugnes.com\/index.php?rest_route=\/wp\/v2\/types\/post"}],"author":[{"embeddable":true,"href":"https:\/\/nugnes.com\/index.php?rest_route=\/wp\/v2\/users\/100"}],"replies":[{"embeddable":true,"href":"https:\/\/nugnes.com\/index.php?rest_route=%2Fwp%2Fv2%2Fcomments&post=10830"}],"version-history":[{"count":1,"href":"https:\/\/nugnes.com\/index.php?rest_route=\/wp\/v2\/posts\/10830\/revisions"}],"predecessor-version":[{"id":10831,"href":"https:\/\/nugnes.com\/index.php?rest_route=\/wp\/v2\/posts\/10830\/revisions\/10831"}],"wp:attachment":[{"href":"https:\/\/nugnes.com\/index.php?rest_route=%2Fwp%2Fv2%2Fmedia&parent=10830"}],"wp:term":[{"taxonomy":"category","embeddable":true,"href":"https:\/\/nugnes.com\/index.php?rest_route=%2Fwp%2Fv2%2Fcategories&post=10830"},{"taxonomy":"post_tag","embeddable":true,"href":"https:\/\/nugnes.com\/index.php?rest_route=%2Fwp%2Fv2%2Ftags&post=10830"}],"curies":[{"name":"wp","href":"https:\/\/api.w.org\/{rel}","templated":true}]}}