{"id":115091,"date":"2020-11-26T11:25:51","date_gmt":"2020-11-26T11:25:51","guid":{"rendered":"https:\/\/www.fanpage.it\/?p=1331147"},"modified":"2020-11-26T11:25:51","modified_gmt":"2020-11-26T11:25:51","slug":"spostamenti-tra-regioni-nel-nuovo-dpcm-di-natale-allo-studio-regole-piu-severe-anche-in-zona-gialla","status":"publish","type":"post","link":"https:\/\/nugnes.com\/?p=115091","title":{"rendered":"Spostamenti tra Regioni nel nuovo Dpcm di Natale, allo studio regole pi\u00f9 severe anche in zona gialla"},"content":{"rendered":"<img src=\"https:\/\/static.fanpage.it\/wp-content\/uploads\/2020\/11\/stazione-300x225.jpg\" \/><br \/>Uno dei nodi principali per il nuovo Dpcm, che verr\u00f2 approvato tra pochi giorni, riguarda gli spostamenti tra Regioni: la pi\u00f9 probabile delle ipotesi allo studio \u00e8 che si permettano gli spostamenti tra le Regioni solo per i ricongiungimenti dei parenti stretti. Rimane da capire in che modalit\u00e0 evitare quanto accaduto quest'estate, quando il via libera alla mobilit\u00e0 ha favorito l'aumento dei contagi e lo scoppio di nuovi focolai.\u00a0Tuttavia, \u00e8 difficile pensare a restrizioni sugli spostamenti se la maggior parte del territorio nazionale sar\u00e0 in zona gialla.<br \/><a href=\"https:\/\/www.fanpage.it\/politica\/spostamenti-tra-regioni-nel-nuovo-dpcm-di-natale-allo-studio-regole-piu-severe-anche-in-zona-gialla\/\">Continua a leggere<\/a>","protected":false},"excerpt":{"rendered":"<p>Uno dei nodi principali per il nuovo Dpcm, che verr\u00f2 approvato tra pochi giorni, riguarda gli spostamenti tra Regioni: la pi\u00f9 probabile delle ipotesi allo studio \u00e8 che si permettano gli spostamenti tra le Regioni solo per i ricongiungimenti dei parenti&#8230;<\/p>\n","protected":false},"author":104,"featured_media":0,"comment_status":"closed","ping_status":"closed","sticky":false,"template":"","format":"standard","meta":{"om_disable_all_campaigns":false,"_monsterinsights_skip_tracking":false,"_monsterinsights_sitenote_active":false,"_monsterinsights_sitenote_note":"","_monsterinsights_sitenote_category":0,"footnotes":""},"categories":[748],"tags":[],"class_list":["post-115091","post","type-post","status-publish","format-standard","hentry","category-politica-italiana"],"aioseo_notices":[],"_links":{"self":[{"href":"https:\/\/nugnes.com\/index.php?rest_route=\/wp\/v2\/posts\/115091","targetHints":{"allow":["GET"]}}],"collection":[{"href":"https:\/\/nugnes.com\/index.php?rest_route=\/wp\/v2\/posts"}],"about":[{"href":"https:\/\/nugnes.com\/index.php?rest_route=\/wp\/v2\/types\/post"}],"author":[{"embeddable":true,"href":"https:\/\/nugnes.com\/index.php?rest_route=\/wp\/v2\/users\/104"}],"replies":[{"embeddable":true,"href":"https:\/\/nugnes.com\/index.php?rest_route=%2Fwp%2Fv2%2Fcomments&post=115091"}],"version-history":[{"count":1,"href":"https:\/\/nugnes.com\/index.php?rest_route=\/wp\/v2\/posts\/115091\/revisions"}],"predecessor-version":[{"id":115092,"href":"https:\/\/nugnes.com\/index.php?rest_route=\/wp\/v2\/posts\/115091\/revisions\/115092"}],"wp:attachment":[{"href":"https:\/\/nugnes.com\/index.php?rest_route=%2Fwp%2Fv2%2Fmedia&parent=115091"}],"wp:term":[{"taxonomy":"category","embeddable":true,"href":"https:\/\/nugnes.com\/index.php?rest_route=%2Fwp%2Fv2%2Fcategories&post=115091"},{"taxonomy":"post_tag","embeddable":true,"href":"https:\/\/nugnes.com\/index.php?rest_route=%2Fwp%2Fv2%2Ftags&post=115091"}],"curies":[{"name":"wp","href":"https:\/\/api.w.org\/{rel}","templated":true}]}}