{"id":115547,"date":"2020-11-27T09:55:56","date_gmt":"2020-11-27T09:55:56","guid":{"rendered":"https:\/\/www.fanpage.it\/milano\/?p=49356"},"modified":"2020-11-27T09:55:56","modified_gmt":"2020-11-27T09:55:56","slug":"piano-freddo-a-milano-piu-posti-letto-per-i-senzatetto-e-nuova-struttura-per-i-positivi-al-covid","status":"publish","type":"post","link":"https:\/\/nugnes.com\/?p=115547","title":{"rendered":"Piano freddo a Milano: pi\u00f9 posti letto per i senzatetto e nuova struttura per i positivi al Covid"},"content":{"rendered":"<img src=\"https:\/\/static.fanpage.it\/wp-content\/uploads\/sites\/3\/2014\/12\/senzatetto-gelo-300x225.jpg\" \/><br \/>A Milano sar\u00e0 attivo da luned\u00ec 30 novembre il Piano freddo per persone senza fissa dimora. Quest'anno previsti pi\u00f9 posti letto per i senzatetto e l'apertura di una nuova struttura per garantire l'isolamento a chi presenta i sintomi da Covid o a chi risulta positivo. Prima di accedere a qualsiasi struttura inoltre sar\u00e0 possibile effettuare un tampone.<br \/><a href=\"https:\/\/www.fanpage.it\/milano\/piano-freddo-a-milano-piu-posti-letto-per-i-senzatetto-e-nuova-struttura-per-i-positivi-al-covid\/\">Continua a leggere<\/a>","protected":false},"excerpt":{"rendered":"<p>A Milano sar\u00e0 attivo da luned\u00ec 30 novembre il Piano freddo per persone senza fissa dimora. Quest&#8217;anno previsti pi\u00f9 posti letto per i senzatetto e l&#8217;apertura di una nuova struttura per garantire l&#8217;isolamento a chi presenta i sintomi da Covid o a chi ris&#8230;<\/p>\n","protected":false},"author":208,"featured_media":0,"comment_status":"closed","ping_status":"closed","sticky":false,"template":"","format":"standard","meta":{"om_disable_all_campaigns":false,"_monsterinsights_skip_tracking":false,"_monsterinsights_sitenote_active":false,"_monsterinsights_sitenote_note":"","_monsterinsights_sitenote_category":0,"footnotes":""},"categories":[745,10],"tags":[],"class_list":["post-115547","post","type-post","status-publish","format-standard","hentry","category-attualita","category-cronaca"],"aioseo_notices":[],"_links":{"self":[{"href":"https:\/\/nugnes.com\/index.php?rest_route=\/wp\/v2\/posts\/115547","targetHints":{"allow":["GET"]}}],"collection":[{"href":"https:\/\/nugnes.com\/index.php?rest_route=\/wp\/v2\/posts"}],"about":[{"href":"https:\/\/nugnes.com\/index.php?rest_route=\/wp\/v2\/types\/post"}],"author":[{"embeddable":true,"href":"https:\/\/nugnes.com\/index.php?rest_route=\/wp\/v2\/users\/208"}],"replies":[{"embeddable":true,"href":"https:\/\/nugnes.com\/index.php?rest_route=%2Fwp%2Fv2%2Fcomments&post=115547"}],"version-history":[{"count":1,"href":"https:\/\/nugnes.com\/index.php?rest_route=\/wp\/v2\/posts\/115547\/revisions"}],"predecessor-version":[{"id":115548,"href":"https:\/\/nugnes.com\/index.php?rest_route=\/wp\/v2\/posts\/115547\/revisions\/115548"}],"wp:attachment":[{"href":"https:\/\/nugnes.com\/index.php?rest_route=%2Fwp%2Fv2%2Fmedia&parent=115547"}],"wp:term":[{"taxonomy":"category","embeddable":true,"href":"https:\/\/nugnes.com\/index.php?rest_route=%2Fwp%2Fv2%2Fcategories&post=115547"},{"taxonomy":"post_tag","embeddable":true,"href":"https:\/\/nugnes.com\/index.php?rest_route=%2Fwp%2Fv2%2Ftags&post=115547"}],"curies":[{"name":"wp","href":"https:\/\/api.w.org\/{rel}","templated":true}]}}