{"id":116466,"date":"2020-11-29T13:56:43","date_gmt":"2020-11-29T13:56:43","guid":{"rendered":"https:\/\/www.fanpage.it\/?p=1332974"},"modified":"2020-11-29T13:56:43","modified_gmt":"2020-11-29T13:56:43","slug":"pordenone-prima-provincia-italiana-per-qualita-della-vita-foggia-maglia-nera-lelenco-aggiornato","status":"publish","type":"post","link":"https:\/\/nugnes.com\/?p=116466","title":{"rendered":"Pordenone prima provincia italiana per qualit\u00e0 della vita, Foggia maglia nera: l\u2019elenco aggiornato"},"content":{"rendered":"<img src=\"https:\/\/static.fanpage.it\/wp-content\/uploads\/2020\/11\/pordenone-300x225.jpeg\" \/><br \/>Secondo la classifica annuale di ItaliaOggi e Universit\u00e0 La Sapienza di Roma, giunta alla XXII edizione, \u00e8 Pordenone la prima provincia italiana per qualit\u00e0 della vita, seguita da Trento. All'ultimo posto, dopo Crotone e Agrigento, c'\u00e8 Foggia. Scendono i territori pi\u00f9 colpiti dalla pandemia, come le province della Lombardia. Ascoli Piceno \u00e8 la pi\u00f9 sicura, Milano la pi\u00f9 ricca.<br \/><a href=\"https:\/\/www.fanpage.it\/attualita\/pordenone-prima-provincia-italiana-per-qualita-della-vita-foggia-maglia-nera-lelenco-aggiornato\/\">Continua a leggere<\/a>","protected":false},"excerpt":{"rendered":"<p>Secondo la classifica annuale di ItaliaOggi e Universit\u00e0 La Sapienza di Roma, giunta alla XXII edizione, \u00e8 Pordenone la prima provincia italiana per qualit\u00e0 della vita, seguita da Trento. All&#8217;ultimo posto, dopo Crotone e Agrigento, c&#8217;\u00e8 Foggia. Scendono&#8230;<\/p>\n","protected":false},"author":102,"featured_media":0,"comment_status":"closed","ping_status":"closed","sticky":false,"template":"","format":"standard","meta":{"om_disable_all_campaigns":false,"_monsterinsights_skip_tracking":false,"_monsterinsights_sitenote_active":false,"_monsterinsights_sitenote_note":"","_monsterinsights_sitenote_category":0,"footnotes":""},"categories":[745],"tags":[],"class_list":["post-116466","post","type-post","status-publish","format-standard","hentry","category-attualita"],"aioseo_notices":[],"_links":{"self":[{"href":"https:\/\/nugnes.com\/index.php?rest_route=\/wp\/v2\/posts\/116466","targetHints":{"allow":["GET"]}}],"collection":[{"href":"https:\/\/nugnes.com\/index.php?rest_route=\/wp\/v2\/posts"}],"about":[{"href":"https:\/\/nugnes.com\/index.php?rest_route=\/wp\/v2\/types\/post"}],"author":[{"embeddable":true,"href":"https:\/\/nugnes.com\/index.php?rest_route=\/wp\/v2\/users\/102"}],"replies":[{"embeddable":true,"href":"https:\/\/nugnes.com\/index.php?rest_route=%2Fwp%2Fv2%2Fcomments&post=116466"}],"version-history":[{"count":1,"href":"https:\/\/nugnes.com\/index.php?rest_route=\/wp\/v2\/posts\/116466\/revisions"}],"predecessor-version":[{"id":116467,"href":"https:\/\/nugnes.com\/index.php?rest_route=\/wp\/v2\/posts\/116466\/revisions\/116467"}],"wp:attachment":[{"href":"https:\/\/nugnes.com\/index.php?rest_route=%2Fwp%2Fv2%2Fmedia&parent=116466"}],"wp:term":[{"taxonomy":"category","embeddable":true,"href":"https:\/\/nugnes.com\/index.php?rest_route=%2Fwp%2Fv2%2Fcategories&post=116466"},{"taxonomy":"post_tag","embeddable":true,"href":"https:\/\/nugnes.com\/index.php?rest_route=%2Fwp%2Fv2%2Ftags&post=116466"}],"curies":[{"name":"wp","href":"https:\/\/api.w.org\/{rel}","templated":true}]}}