{"id":116760,"date":"2020-11-30T10:08:48","date_gmt":"2020-11-30T10:08:48","guid":{"rendered":"https:\/\/www.fanpage.it\/milano\/?p=49956"},"modified":"2020-11-30T10:08:48","modified_gmt":"2020-11-30T10:08:48","slug":"previsioni-meteo-lombardia-30-novembre-arriva-la-prima-neve-a-bassa-quota","status":"publish","type":"post","link":"https:\/\/nugnes.com\/?p=116760","title":{"rendered":"Previsioni meteo Lombardia 30 novembre: arriva la prima neve a bassa quota"},"content":{"rendered":"<img src=\"https:\/\/static.fanpage.it\/wp-content\/uploads\/sites\/3\/2019\/12\/maltempo-pioggia-neve-grandine-ghiaccio-temporali-tempesta-allerta-vento-forte-scirocco-termometro-calo-temperature-freddo-polare-artico-300x225.jpg\" \/><br \/>Prosegue l'ondata di freddo e gelo in Lombardia. La depressione che arriver\u00e0 sulle Alpi domani, marted\u00ec 1 dicembre, porter\u00e0 alle prime nevicate anche a bassa quota. Secondo le previsioni meteo di Arpa Lombardia nelle prossime ore sono attese anche nuvole, precipitazioni deboli e temperature stazionarie.<br \/><a href=\"https:\/\/www.fanpage.it\/milano\/previsioni-meteo-lombardia-30-novembre-arriva-la-prima-neve-a-bassa-quota\/\">Continua a leggere<\/a>","protected":false},"excerpt":{"rendered":"<p>Prosegue l&#8217;ondata di freddo e gelo in Lombardia. La depressione che arriver\u00e0 sulle Alpi domani, marted\u00ec 1 dicembre, porter\u00e0 alle prime nevicate anche a bassa quota. Secondo le previsioni meteo di Arpa Lombardia nelle prossime ore sono attese anche nuvo&#8230;<\/p>\n","protected":false},"author":208,"featured_media":0,"comment_status":"closed","ping_status":"closed","sticky":false,"template":"","format":"standard","meta":{"om_disable_all_campaigns":false,"_monsterinsights_skip_tracking":false,"_monsterinsights_sitenote_active":false,"_monsterinsights_sitenote_note":"","_monsterinsights_sitenote_category":0,"footnotes":""},"categories":[745,236,139],"tags":[],"class_list":["post-116760","post","type-post","status-publish","format-standard","hentry","category-attualita","category-lombardia","category-meteo"],"aioseo_notices":[],"_links":{"self":[{"href":"https:\/\/nugnes.com\/index.php?rest_route=\/wp\/v2\/posts\/116760","targetHints":{"allow":["GET"]}}],"collection":[{"href":"https:\/\/nugnes.com\/index.php?rest_route=\/wp\/v2\/posts"}],"about":[{"href":"https:\/\/nugnes.com\/index.php?rest_route=\/wp\/v2\/types\/post"}],"author":[{"embeddable":true,"href":"https:\/\/nugnes.com\/index.php?rest_route=\/wp\/v2\/users\/208"}],"replies":[{"embeddable":true,"href":"https:\/\/nugnes.com\/index.php?rest_route=%2Fwp%2Fv2%2Fcomments&post=116760"}],"version-history":[{"count":1,"href":"https:\/\/nugnes.com\/index.php?rest_route=\/wp\/v2\/posts\/116760\/revisions"}],"predecessor-version":[{"id":116761,"href":"https:\/\/nugnes.com\/index.php?rest_route=\/wp\/v2\/posts\/116760\/revisions\/116761"}],"wp:attachment":[{"href":"https:\/\/nugnes.com\/index.php?rest_route=%2Fwp%2Fv2%2Fmedia&parent=116760"}],"wp:term":[{"taxonomy":"category","embeddable":true,"href":"https:\/\/nugnes.com\/index.php?rest_route=%2Fwp%2Fv2%2Fcategories&post=116760"},{"taxonomy":"post_tag","embeddable":true,"href":"https:\/\/nugnes.com\/index.php?rest_route=%2Fwp%2Fv2%2Ftags&post=116760"}],"curies":[{"name":"wp","href":"https:\/\/api.w.org\/{rel}","templated":true}]}}