{"id":11934,"date":"2020-05-09T09:25:56","date_gmt":"2020-05-09T09:25:56","guid":{"rendered":"https:\/\/milano.fanpage.it\/?p=627602"},"modified":"2020-05-09T09:25:56","modified_gmt":"2020-05-09T09:25:56","slug":"sala-leuropa-renda-piu-protagoniste-le-grandi-citta-ho-chiesto-piu-soldi-per-milano","status":"publish","type":"post","link":"https:\/\/nugnes.com\/?p=11934","title":{"rendered":"Sala: \u201cL\u2019Europa renda pi\u00f9 protagoniste le grandi citt\u00e0: ho chiesto pi\u00f9 soldi per Milano\u201d"},"content":{"rendered":"<img src=\"https:\/\/static.fanpage.it\/wp-content\/uploads\/sites\/3\/2020\/05\/salla-638x425.jpg\" \/><br \/>Nel giorno della festa dell'Europa, il sindaco di Milano Beppe Sala conferma di essere \"un europeista convinto\" nonostante ribadisca che questa \u00e8 \"un'Europa\u00a0in cui bisogna cercare di essere protagonisti\". Cos\u00ec, il primo cittadino milanese annuncia di aver chiesto, \"insieme alle sindache di Amsterdam, Parigi e Barcellona, pi\u00f9 protagonismo per le grandi citt\u00e0 e quindi pi\u00f9 fondi per noi per fare politiche sociali\".<br \/><a href=\"https:\/\/milano.fanpage.it\/sala-leuropa-renda-piu-protagoniste-le-grandi-citta-ho-chiesto-piu-soldi-per-milano\/\">Continua a leggere<\/a>","protected":false},"excerpt":{"rendered":"<p>Nel giorno della festa dell&#8217;Europa, il sindaco di Milano Beppe Sala conferma di essere &#8220;un europeista convinto&#8221; nonostante ribadisca che questa \u00e8 &#8220;un&#8217;Europa\u00a0in cui bisogna cercare di essere protagonisti&#8221;. Cos\u00ec, il primo cittadino milanese annuncia di a&#8230;<\/p>\n","protected":false},"author":98,"featured_media":0,"comment_status":"closed","ping_status":"closed","sticky":false,"template":"","format":"standard","meta":{"om_disable_all_campaigns":false,"_monsterinsights_skip_tracking":false,"_monsterinsights_sitenote_active":false,"_monsterinsights_sitenote_note":"","_monsterinsights_sitenote_category":0,"footnotes":""},"categories":[747,38],"tags":[],"class_list":["post-11934","post","type-post","status-publish","format-standard","hentry","category-cronaca-lombardia","category-milano"],"aioseo_notices":[],"_links":{"self":[{"href":"https:\/\/nugnes.com\/index.php?rest_route=\/wp\/v2\/posts\/11934","targetHints":{"allow":["GET"]}}],"collection":[{"href":"https:\/\/nugnes.com\/index.php?rest_route=\/wp\/v2\/posts"}],"about":[{"href":"https:\/\/nugnes.com\/index.php?rest_route=\/wp\/v2\/types\/post"}],"author":[{"embeddable":true,"href":"https:\/\/nugnes.com\/index.php?rest_route=\/wp\/v2\/users\/98"}],"replies":[{"embeddable":true,"href":"https:\/\/nugnes.com\/index.php?rest_route=%2Fwp%2Fv2%2Fcomments&post=11934"}],"version-history":[{"count":2,"href":"https:\/\/nugnes.com\/index.php?rest_route=\/wp\/v2\/posts\/11934\/revisions"}],"predecessor-version":[{"id":12003,"href":"https:\/\/nugnes.com\/index.php?rest_route=\/wp\/v2\/posts\/11934\/revisions\/12003"}],"wp:attachment":[{"href":"https:\/\/nugnes.com\/index.php?rest_route=%2Fwp%2Fv2%2Fmedia&parent=11934"}],"wp:term":[{"taxonomy":"category","embeddable":true,"href":"https:\/\/nugnes.com\/index.php?rest_route=%2Fwp%2Fv2%2Fcategories&post=11934"},{"taxonomy":"post_tag","embeddable":true,"href":"https:\/\/nugnes.com\/index.php?rest_route=%2Fwp%2Fv2%2Ftags&post=11934"}],"curies":[{"name":"wp","href":"https:\/\/api.w.org\/{rel}","templated":true}]}}