{"id":11950,"date":"2020-05-09T11:00:40","date_gmt":"2020-05-09T11:00:40","guid":{"rendered":"https:\/\/scienze.fanpage.it\/?p=196379"},"modified":"2020-05-09T11:00:40","modified_gmt":"2020-05-09T11:00:40","slug":"giornata-nazionale-del-mal-di-testa-in-italia-6-milioni-con-emicrania","status":"publish","type":"post","link":"https:\/\/nugnes.com\/?p=11950","title":{"rendered":"Giornata Nazionale del Mal di Testa: \u201cIn Italia 6 milioni con emicrania\u201d"},"content":{"rendered":"<img src=\"https:\/\/static.fanpage.it\/wp-content\/uploads\/sites\/5\/2017\/03\/8128109002-cd5aaccd40-z-638x425.jpg\" \/><br \/>Si stima che la met\u00e0 della popolazione mondiale abbia sperimentato almeno un attacco di mal di testa nell'ultimo anno, una condizione che pu\u00f2 cronicizzare determinando effetti significativi sulla qualit\u00e0 della vita. Secondo l'OMS, infatti, il mal di testa \u00e8 al primo posto tra le cause di disabilit\u00e0 tra i 20 e i 50 anni. In Italia il 9 maggio si celebra la Giornata Mondiale del Mal di Testa, un'occasione per sensibilizzare l'opinione pubblica su un tema spesso sottovalutato.<br \/><a href=\"https:\/\/scienze.fanpage.it\/giornata-nazionale-del-mal-di-testa-in-italia-6-milioni-con-emicrania\/\">Continua a leggere<\/a>","protected":false},"excerpt":{"rendered":"<p>Si stima che la met\u00e0 della popolazione mondiale abbia sperimentato almeno un attacco di mal di testa nell&#8217;ultimo anno, una condizione che pu\u00f2 cronicizzare determinando effetti significativi sulla qualit\u00e0 della vita. Secondo l&#8217;OMS, infatti, il mal di te&#8230;<\/p>\n","protected":false},"author":101,"featured_media":0,"comment_status":"closed","ping_status":"closed","sticky":false,"template":"","format":"standard","meta":{"om_disable_all_campaigns":false,"_monsterinsights_skip_tracking":false,"_monsterinsights_sitenote_active":false,"_monsterinsights_sitenote_note":"","_monsterinsights_sitenote_category":0,"footnotes":""},"categories":[27],"tags":[],"class_list":["post-11950","post","type-post","status-publish","format-standard","hentry","category-salute"],"aioseo_notices":[],"_links":{"self":[{"href":"https:\/\/nugnes.com\/index.php?rest_route=\/wp\/v2\/posts\/11950","targetHints":{"allow":["GET"]}}],"collection":[{"href":"https:\/\/nugnes.com\/index.php?rest_route=\/wp\/v2\/posts"}],"about":[{"href":"https:\/\/nugnes.com\/index.php?rest_route=\/wp\/v2\/types\/post"}],"author":[{"embeddable":true,"href":"https:\/\/nugnes.com\/index.php?rest_route=\/wp\/v2\/users\/101"}],"replies":[{"embeddable":true,"href":"https:\/\/nugnes.com\/index.php?rest_route=%2Fwp%2Fv2%2Fcomments&post=11950"}],"version-history":[{"count":1,"href":"https:\/\/nugnes.com\/index.php?rest_route=\/wp\/v2\/posts\/11950\/revisions"}],"predecessor-version":[{"id":11951,"href":"https:\/\/nugnes.com\/index.php?rest_route=\/wp\/v2\/posts\/11950\/revisions\/11951"}],"wp:attachment":[{"href":"https:\/\/nugnes.com\/index.php?rest_route=%2Fwp%2Fv2%2Fmedia&parent=11950"}],"wp:term":[{"taxonomy":"category","embeddable":true,"href":"https:\/\/nugnes.com\/index.php?rest_route=%2Fwp%2Fv2%2Fcategories&post=11950"},{"taxonomy":"post_tag","embeddable":true,"href":"https:\/\/nugnes.com\/index.php?rest_route=%2Fwp%2Fv2%2Ftags&post=11950"}],"curies":[{"name":"wp","href":"https:\/\/api.w.org\/{rel}","templated":true}]}}