{"id":119598,"date":"2020-12-05T14:15:24","date_gmt":"2020-12-05T14:15:24","guid":{"rendered":"https:\/\/www.fanpage.it\/?p=1336574"},"modified":"2020-12-05T14:15:24","modified_gmt":"2020-12-05T14:15:24","slug":"speranza-con-vaccino-e-cure-il-2021-sara-lanno-per-mettersi-alle-spalle-questi-mesi-difficili","status":"publish","type":"post","link":"https:\/\/nugnes.com\/?p=119598","title":{"rendered":"Speranza: \u201cCon vaccino e cure il 2021 sar\u00e0 l\u2019anno per mettersi\u00a0alle spalle questi mesi difficili\u201d"},"content":{"rendered":"<img src=\"https:\/\/static.fanpage.it\/wp-content\/uploads\/2020\/05\/speranza-2-300x225.jpg\" \/><br \/>Il ministro della Salute Roberto Speranza a Sky Tg24 ha ribadito che il vaccino anti-Covid che presto sar\u00e0 disponibile in Italia non sar\u00e0 obbligatorio: \"Sul vaccino ci saranno tutte le garanzie di sicurezza. Quando l'Ema arriver\u00e0 a dire che il vaccino \u00e8 sicuro possiamo esserne veramente certi\".<br \/><a href=\"https:\/\/www.fanpage.it\/politica\/speranza-con-vaccino-e-cure-il-2021-sara-lanno-per-mettersi-alle-spalle-questi-mesi-difficili\/\">Continua a leggere<\/a>","protected":false},"excerpt":{"rendered":"<p>Il ministro della Salute Roberto Speranza a Sky Tg24 ha ribadito che il vaccino anti-Covid che presto sar\u00e0 disponibile in Italia non sar\u00e0 obbligatorio: &#8220;Sul vaccino ci saranno tutte le garanzie di sicurezza. Quando l&#8217;Ema arriver\u00e0 a dire che il vaccino &#8230;<\/p>\n","protected":false},"author":87,"featured_media":0,"comment_status":"closed","ping_status":"closed","sticky":false,"template":"","format":"standard","meta":{"om_disable_all_campaigns":false,"_monsterinsights_skip_tracking":false,"_monsterinsights_sitenote_active":false,"_monsterinsights_sitenote_note":"","_monsterinsights_sitenote_category":0,"footnotes":""},"categories":[748],"tags":[],"class_list":["post-119598","post","type-post","status-publish","format-standard","hentry","category-politica-italiana"],"aioseo_notices":[],"_links":{"self":[{"href":"https:\/\/nugnes.com\/index.php?rest_route=\/wp\/v2\/posts\/119598","targetHints":{"allow":["GET"]}}],"collection":[{"href":"https:\/\/nugnes.com\/index.php?rest_route=\/wp\/v2\/posts"}],"about":[{"href":"https:\/\/nugnes.com\/index.php?rest_route=\/wp\/v2\/types\/post"}],"author":[{"embeddable":true,"href":"https:\/\/nugnes.com\/index.php?rest_route=\/wp\/v2\/users\/87"}],"replies":[{"embeddable":true,"href":"https:\/\/nugnes.com\/index.php?rest_route=%2Fwp%2Fv2%2Fcomments&post=119598"}],"version-history":[{"count":1,"href":"https:\/\/nugnes.com\/index.php?rest_route=\/wp\/v2\/posts\/119598\/revisions"}],"predecessor-version":[{"id":119599,"href":"https:\/\/nugnes.com\/index.php?rest_route=\/wp\/v2\/posts\/119598\/revisions\/119599"}],"wp:attachment":[{"href":"https:\/\/nugnes.com\/index.php?rest_route=%2Fwp%2Fv2%2Fmedia&parent=119598"}],"wp:term":[{"taxonomy":"category","embeddable":true,"href":"https:\/\/nugnes.com\/index.php?rest_route=%2Fwp%2Fv2%2Fcategories&post=119598"},{"taxonomy":"post_tag","embeddable":true,"href":"https:\/\/nugnes.com\/index.php?rest_route=%2Fwp%2Fv2%2Ftags&post=119598"}],"curies":[{"name":"wp","href":"https:\/\/api.w.org\/{rel}","templated":true}]}}