{"id":121689,"date":"2020-12-10T07:18:36","date_gmt":"2020-12-10T07:18:36","guid":{"rendered":"https:\/\/www.fanpage.it\/?p=1338868"},"modified":"2020-12-10T07:18:36","modified_gmt":"2020-12-10T07:18:36","slug":"recovery-fund-conte-il-governo-puo-andare-avanti-solo-se-ce-fiducia-di-tutta-la-maggioranza","status":"publish","type":"post","link":"https:\/\/nugnes.com\/?p=121689","title":{"rendered":"Recovery fund, Conte: \u201cIl governo pu\u00f2 andare avanti solo se c\u2019\u00e8 fiducia di tutta la maggioranza\u201d"},"content":{"rendered":"<img src=\"https:\/\/static.fanpage.it\/wp-content\/uploads\/2020\/11\/conte-65-1606494732758-300x225.jpg\" \/><br \/>Il presidente del Consiglio Conte, poche ore dopo il voto del Parlamento sulla riforma del Mes, lancia un monito: \"Ovviamente un governo pu\u00f2 proseguire nella sua azione solo sulla base della\u00a0fiducia\u00a0di ciascuna forza di maggioranza. Se non c\u2019\u00e8 questa non si pu\u00f2 andare avanti, \u00e8 una banalit\u00e0. Siamo una repubblica parlamentare. Certo io non mi sottraggo al confronto e al dialogo\".<br \/><a href=\"https:\/\/www.fanpage.it\/politica\/recovery-fund-conte-il-governo-puo-andare-avanti-solo-se-ce-fiducia-di-tutta-la-maggioranza\/\">Continua a leggere<\/a>","protected":false},"excerpt":{"rendered":"<p>Il presidente del Consiglio Conte, poche ore dopo il voto del Parlamento sulla riforma del Mes, lancia un monito: &#8220;Ovviamente un governo pu\u00f2 proseguire nella sua azione solo sulla base della\u00a0fiducia\u00a0di ciascuna forza di maggioranza. Se non c\u2019\u00e8 questa n&#8230;<\/p>\n","protected":false},"author":83,"featured_media":0,"comment_status":"closed","ping_status":"closed","sticky":false,"template":"","format":"standard","meta":{"om_disable_all_campaigns":false,"_monsterinsights_skip_tracking":false,"_monsterinsights_sitenote_active":false,"_monsterinsights_sitenote_note":"","_monsterinsights_sitenote_category":0,"footnotes":""},"categories":[748],"tags":[],"class_list":["post-121689","post","type-post","status-publish","format-standard","hentry","category-politica-italiana"],"aioseo_notices":[],"_links":{"self":[{"href":"https:\/\/nugnes.com\/index.php?rest_route=\/wp\/v2\/posts\/121689","targetHints":{"allow":["GET"]}}],"collection":[{"href":"https:\/\/nugnes.com\/index.php?rest_route=\/wp\/v2\/posts"}],"about":[{"href":"https:\/\/nugnes.com\/index.php?rest_route=\/wp\/v2\/types\/post"}],"author":[{"embeddable":true,"href":"https:\/\/nugnes.com\/index.php?rest_route=\/wp\/v2\/users\/83"}],"replies":[{"embeddable":true,"href":"https:\/\/nugnes.com\/index.php?rest_route=%2Fwp%2Fv2%2Fcomments&post=121689"}],"version-history":[{"count":1,"href":"https:\/\/nugnes.com\/index.php?rest_route=\/wp\/v2\/posts\/121689\/revisions"}],"predecessor-version":[{"id":121690,"href":"https:\/\/nugnes.com\/index.php?rest_route=\/wp\/v2\/posts\/121689\/revisions\/121690"}],"wp:attachment":[{"href":"https:\/\/nugnes.com\/index.php?rest_route=%2Fwp%2Fv2%2Fmedia&parent=121689"}],"wp:term":[{"taxonomy":"category","embeddable":true,"href":"https:\/\/nugnes.com\/index.php?rest_route=%2Fwp%2Fv2%2Fcategories&post=121689"},{"taxonomy":"post_tag","embeddable":true,"href":"https:\/\/nugnes.com\/index.php?rest_route=%2Fwp%2Fv2%2Ftags&post=121689"}],"curies":[{"name":"wp","href":"https:\/\/api.w.org\/{rel}","templated":true}]}}