{"id":121691,"date":"2020-12-10T07:10:47","date_gmt":"2020-12-10T07:10:47","guid":{"rendered":"https:\/\/tv.fanpage.it\/?p=366102"},"modified":"2020-12-10T07:10:47","modified_gmt":"2020-12-10T07:10:47","slug":"morto-paolo-rossi-la-sua-carriera-in-tv-dal-commento-del-calcio-a-ballando-con-le-stelle","status":"publish","type":"post","link":"https:\/\/nugnes.com\/?p=121691","title":{"rendered":"Morto Paolo Rossi, la sua carriera in Tv dal commento del calcio a Ballando con le Stelle"},"content":{"rendered":"<img src=\"https:\/\/static.fanpage.it\/wp-content\/uploads\/sites\/16\/2020\/12\/6774139_small-638x425.jpg\" \/><br \/>L'eroe di Spagna '82 se n'\u00e8 andato all'et\u00e0 di 64 anni per un male incurabile. Chiusa la carriera agonistica, era rimasto nel mondo del calcio in qualit\u00e0 di commentatore, lavorando sia con Sky, che con Mediaset e Rai, spesso occupato nell'analisi e nei post partita della Champions League. Nel 2011 aveva inoltre preso parte a Ballando con le Stelle come concorrente.<br \/><a href=\"https:\/\/tv.fanpage.it\/morto-paolo-rossi-la-sua-carriera-in-tv-dal-commento-del-calcio-a-ballando-con-le-stelle\/\">Continua a leggere<\/a>","protected":false},"excerpt":{"rendered":"<p>L&#8217;eroe di Spagna &#8217;82 se n&#8217;\u00e8 andato all&#8217;et\u00e0 di 64 anni per un male incurabile. Chiusa la carriera agonistica, era rimasto nel mondo del calcio in qualit\u00e0 di commentatore, lavorando sia con Sky, che con Mediaset e Rai, spesso occupato nell&#8217;analisi e nei &#8230;<\/p>\n","protected":false},"author":129,"featured_media":0,"comment_status":"closed","ping_status":"closed","sticky":false,"template":"","format":"standard","meta":{"om_disable_all_campaigns":false,"_monsterinsights_skip_tracking":false,"_monsterinsights_sitenote_active":false,"_monsterinsights_sitenote_note":"","_monsterinsights_sitenote_category":0,"footnotes":""},"categories":[744],"tags":[],"class_list":["post-121691","post","type-post","status-publish","format-standard","hentry","category-news"],"aioseo_notices":[],"_links":{"self":[{"href":"https:\/\/nugnes.com\/index.php?rest_route=\/wp\/v2\/posts\/121691","targetHints":{"allow":["GET"]}}],"collection":[{"href":"https:\/\/nugnes.com\/index.php?rest_route=\/wp\/v2\/posts"}],"about":[{"href":"https:\/\/nugnes.com\/index.php?rest_route=\/wp\/v2\/types\/post"}],"author":[{"embeddable":true,"href":"https:\/\/nugnes.com\/index.php?rest_route=\/wp\/v2\/users\/129"}],"replies":[{"embeddable":true,"href":"https:\/\/nugnes.com\/index.php?rest_route=%2Fwp%2Fv2%2Fcomments&post=121691"}],"version-history":[{"count":1,"href":"https:\/\/nugnes.com\/index.php?rest_route=\/wp\/v2\/posts\/121691\/revisions"}],"predecessor-version":[{"id":121692,"href":"https:\/\/nugnes.com\/index.php?rest_route=\/wp\/v2\/posts\/121691\/revisions\/121692"}],"wp:attachment":[{"href":"https:\/\/nugnes.com\/index.php?rest_route=%2Fwp%2Fv2%2Fmedia&parent=121691"}],"wp:term":[{"taxonomy":"category","embeddable":true,"href":"https:\/\/nugnes.com\/index.php?rest_route=%2Fwp%2Fv2%2Fcategories&post=121691"},{"taxonomy":"post_tag","embeddable":true,"href":"https:\/\/nugnes.com\/index.php?rest_route=%2Fwp%2Fv2%2Ftags&post=121691"}],"curies":[{"name":"wp","href":"https:\/\/api.w.org\/{rel}","templated":true}]}}