{"id":121939,"date":"2020-12-10T15:49:19","date_gmt":"2020-12-10T15:49:19","guid":{"rendered":"https:\/\/www.fanpage.it\/milano\/?p=52344"},"modified":"2020-12-10T15:49:19","modified_gmt":"2020-12-10T15:49:19","slug":"caso-bozzoli-a-processo-per-omicidio-il-nipote-dellimprenditore-scomparso-nel-2015","status":"publish","type":"post","link":"https:\/\/nugnes.com\/?p=121939","title":{"rendered":"Caso Bozzoli, a processo per omicidio il nipote dell\u2019imprenditore scomparso nel 2015"},"content":{"rendered":"<img src=\"https:\/\/static.fanpage.it\/wp-content\/uploads\/sites\/3\/2020\/06\/MISTERI-CASO-BOZZOLI-ARTICOLO-638x425.jpg\" \/><br \/>Il nipote dell'imprenditore Mario Bozzoli, scomparso nel nulla nell'ottobre 2015, \u00e8 stato rinviato a giudizio dal giudice per l'udienza preliminare di Brescia. Giacomo Bozzoli \u00e8 accusato di aver ucciso lo zio e di averne fatto sparire il cadavere, che non \u00e8 mai stato trovato. Dopo oltre cinque anni il giallo di Marcheno, paese del Bresciano dove si trovava la fonderia di famiglia in cui scomparve Mario Bozzoli, finisce dunque in tribunale: la prima udienza del processo il 14 gennaio.<br \/><a href=\"https:\/\/www.fanpage.it\/milano\/caso-bozzoli-a-processo-per-omicidio-il-nipote-dellimprenditore-scomparso-nel-2015\/\">Continua a leggere<\/a>","protected":false},"excerpt":{"rendered":"<p>Il nipote dell&#8217;imprenditore Mario Bozzoli, scomparso nel nulla nell&#8217;ottobre 2015, \u00e8 stato rinviato a giudizio dal giudice per l&#8217;udienza preliminare di Brescia. Giacomo Bozzoli \u00e8 accusato di aver ucciso lo zio e di averne fatto sparire il cadavere, che &#8230;<\/p>\n","protected":false},"author":88,"featured_media":0,"comment_status":"closed","ping_status":"closed","sticky":false,"template":"","format":"standard","meta":{"om_disable_all_campaigns":false,"_monsterinsights_skip_tracking":false,"_monsterinsights_sitenote_active":false,"_monsterinsights_sitenote_note":"","_monsterinsights_sitenote_category":0,"footnotes":""},"categories":[745,461,10],"tags":[],"class_list":["post-121939","post","type-post","status-publish","format-standard","hentry","category-attualita","category-brescia","category-cronaca"],"aioseo_notices":[],"_links":{"self":[{"href":"https:\/\/nugnes.com\/index.php?rest_route=\/wp\/v2\/posts\/121939","targetHints":{"allow":["GET"]}}],"collection":[{"href":"https:\/\/nugnes.com\/index.php?rest_route=\/wp\/v2\/posts"}],"about":[{"href":"https:\/\/nugnes.com\/index.php?rest_route=\/wp\/v2\/types\/post"}],"author":[{"embeddable":true,"href":"https:\/\/nugnes.com\/index.php?rest_route=\/wp\/v2\/users\/88"}],"replies":[{"embeddable":true,"href":"https:\/\/nugnes.com\/index.php?rest_route=%2Fwp%2Fv2%2Fcomments&post=121939"}],"version-history":[{"count":1,"href":"https:\/\/nugnes.com\/index.php?rest_route=\/wp\/v2\/posts\/121939\/revisions"}],"predecessor-version":[{"id":121940,"href":"https:\/\/nugnes.com\/index.php?rest_route=\/wp\/v2\/posts\/121939\/revisions\/121940"}],"wp:attachment":[{"href":"https:\/\/nugnes.com\/index.php?rest_route=%2Fwp%2Fv2%2Fmedia&parent=121939"}],"wp:term":[{"taxonomy":"category","embeddable":true,"href":"https:\/\/nugnes.com\/index.php?rest_route=%2Fwp%2Fv2%2Fcategories&post=121939"},{"taxonomy":"post_tag","embeddable":true,"href":"https:\/\/nugnes.com\/index.php?rest_route=%2Fwp%2Fv2%2Ftags&post=121939"}],"curies":[{"name":"wp","href":"https:\/\/api.w.org\/{rel}","templated":true}]}}