{"id":12303,"date":"2020-05-10T15:52:13","date_gmt":"2020-05-10T15:52:13","guid":{"rendered":"https:\/\/milano.fanpage.it\/?p=627753"},"modified":"2020-05-10T15:52:13","modified_gmt":"2020-05-10T15:52:13","slug":"lombardia-mobilita-cresciuta-del-15-per-cento-vicepresidente-sala-serve-responsabilita","status":"publish","type":"post","link":"https:\/\/nugnes.com\/?p=12303","title":{"rendered":"Lombardia, mobilit\u00e0 cresciuta del 15 per cento. Vicepresidente Sala: \u201cServe responsabilit\u00e0\u201d"},"content":{"rendered":"<img src=\"https:\/\/static.fanpage.it\/wp-content\/uploads\/sites\/3\/2020\/05\/LP_11318556-638x425.jpg\" \/><br \/>Con la ripresa delle attivit\u00e0 in una settimana si \u00e8 registrato un aumento della mobilit\u00e0 dei cittadini lombardi del 15 per cento. A dirlo \u00e8 il vicepresidente della regione Lombardia Fabrizio Sala che ha fatto appello al senso di responsabilit\u00e0 di ognuno di noi: \"Bisogna rispettare le distanze e usare i dispositivi di protezione sia per la propria salute e per quella degli altri\"<br \/><a href=\"https:\/\/milano.fanpage.it\/lombardia-mobilita-cresciuta-del-15-per-cento-vicepresidente-sala-serve-responsabilita\/\">Continua a leggere<\/a>","protected":false},"excerpt":{"rendered":"<p>Con la ripresa delle attivit\u00e0 in una settimana si \u00e8 registrato un aumento della mobilit\u00e0 dei cittadini lombardi del 15 per cento. A dirlo \u00e8 il vicepresidente della regione Lombardia Fabrizio Sala che ha fatto appello al senso di responsabilit\u00e0 di ognun&#8230;<\/p>\n","protected":false},"author":119,"featured_media":0,"comment_status":"closed","ping_status":"closed","sticky":false,"template":"","format":"standard","meta":{"om_disable_all_campaigns":false,"_monsterinsights_skip_tracking":false,"_monsterinsights_sitenote_active":false,"_monsterinsights_sitenote_note":"","_monsterinsights_sitenote_category":0,"footnotes":""},"categories":[747,38],"tags":[],"class_list":["post-12303","post","type-post","status-publish","format-standard","hentry","category-cronaca-lombardia","category-milano"],"aioseo_notices":[],"_links":{"self":[{"href":"https:\/\/nugnes.com\/index.php?rest_route=\/wp\/v2\/posts\/12303","targetHints":{"allow":["GET"]}}],"collection":[{"href":"https:\/\/nugnes.com\/index.php?rest_route=\/wp\/v2\/posts"}],"about":[{"href":"https:\/\/nugnes.com\/index.php?rest_route=\/wp\/v2\/types\/post"}],"author":[{"embeddable":true,"href":"https:\/\/nugnes.com\/index.php?rest_route=\/wp\/v2\/users\/119"}],"replies":[{"embeddable":true,"href":"https:\/\/nugnes.com\/index.php?rest_route=%2Fwp%2Fv2%2Fcomments&post=12303"}],"version-history":[{"count":1,"href":"https:\/\/nugnes.com\/index.php?rest_route=\/wp\/v2\/posts\/12303\/revisions"}],"predecessor-version":[{"id":12304,"href":"https:\/\/nugnes.com\/index.php?rest_route=\/wp\/v2\/posts\/12303\/revisions\/12304"}],"wp:attachment":[{"href":"https:\/\/nugnes.com\/index.php?rest_route=%2Fwp%2Fv2%2Fmedia&parent=12303"}],"wp:term":[{"taxonomy":"category","embeddable":true,"href":"https:\/\/nugnes.com\/index.php?rest_route=%2Fwp%2Fv2%2Fcategories&post=12303"},{"taxonomy":"post_tag","embeddable":true,"href":"https:\/\/nugnes.com\/index.php?rest_route=%2Fwp%2Fv2%2Ftags&post=12303"}],"curies":[{"name":"wp","href":"https:\/\/api.w.org\/{rel}","templated":true}]}}