{"id":12319,"date":"2020-05-10T17:08:24","date_gmt":"2020-05-10T17:08:24","guid":{"rendered":"https:\/\/milano.fanpage.it\/?p=627771"},"modified":"2020-05-10T17:08:24","modified_gmt":"2020-05-10T17:08:24","slug":"bimba-di-due-anni-azzannata-alla-testa-dal-cane-dei-nonni-e-gravissima","status":"publish","type":"post","link":"https:\/\/nugnes.com\/?p=12319","title":{"rendered":"Bimba di due anni azzannata alla testa dal cane dei nonni: \u00e8 gravissima"},"content":{"rendered":"<img src=\"https:\/\/static.fanpage.it\/wp-content\/uploads\/sites\/3\/2020\/05\/boxer-dog-1362186368RGP-300x225.jpg\" \/><br \/>Il tragico incidente \u00e8 accaduto a Cividate Camuno, in Val Camonica, provincia di Brescia. La piccola \u00e8 stata soccorsa dai sanitari del 118 intervenuti presso l'abitazione ed \u00e8 stata trasportata d'urgenza al pronto soccorso dell'ospedale Papa Giovanni XXIII di Bergamo.<br \/><a href=\"https:\/\/milano.fanpage.it\/bimba-di-due-anni-azzannata-alla-testa-dal-cane-dei-nonni-e-gravissima\/\">Continua a leggere<\/a>","protected":false},"excerpt":{"rendered":"<p>Il tragico incidente \u00e8 accaduto a Cividate Camuno, in Val Camonica, provincia di Brescia. La piccola \u00e8 stata soccorsa dai sanitari del 118 intervenuti presso l&#8217;abitazione ed \u00e8 stata trasportata d&#8217;urgenza al pronto soccorso dell&#8217;ospedale Papa Giovanni X&#8230;<\/p>\n","protected":false},"author":85,"featured_media":0,"comment_status":"closed","ping_status":"closed","sticky":false,"template":"","format":"standard","meta":{"om_disable_all_campaigns":false,"_monsterinsights_skip_tracking":false,"_monsterinsights_sitenote_active":false,"_monsterinsights_sitenote_note":"","_monsterinsights_sitenote_category":0,"footnotes":""},"categories":[766,747],"tags":[],"class_list":["post-12319","post","type-post","status-publish","format-standard","hentry","category-bergamo","category-cronaca-lombardia"],"aioseo_notices":[],"_links":{"self":[{"href":"https:\/\/nugnes.com\/index.php?rest_route=\/wp\/v2\/posts\/12319","targetHints":{"allow":["GET"]}}],"collection":[{"href":"https:\/\/nugnes.com\/index.php?rest_route=\/wp\/v2\/posts"}],"about":[{"href":"https:\/\/nugnes.com\/index.php?rest_route=\/wp\/v2\/types\/post"}],"author":[{"embeddable":true,"href":"https:\/\/nugnes.com\/index.php?rest_route=\/wp\/v2\/users\/85"}],"replies":[{"embeddable":true,"href":"https:\/\/nugnes.com\/index.php?rest_route=%2Fwp%2Fv2%2Fcomments&post=12319"}],"version-history":[{"count":1,"href":"https:\/\/nugnes.com\/index.php?rest_route=\/wp\/v2\/posts\/12319\/revisions"}],"predecessor-version":[{"id":12320,"href":"https:\/\/nugnes.com\/index.php?rest_route=\/wp\/v2\/posts\/12319\/revisions\/12320"}],"wp:attachment":[{"href":"https:\/\/nugnes.com\/index.php?rest_route=%2Fwp%2Fv2%2Fmedia&parent=12319"}],"wp:term":[{"taxonomy":"category","embeddable":true,"href":"https:\/\/nugnes.com\/index.php?rest_route=%2Fwp%2Fv2%2Fcategories&post=12319"},{"taxonomy":"post_tag","embeddable":true,"href":"https:\/\/nugnes.com\/index.php?rest_route=%2Fwp%2Fv2%2Ftags&post=12319"}],"curies":[{"name":"wp","href":"https:\/\/api.w.org\/{rel}","templated":true}]}}