{"id":12518,"date":"2020-05-11T10:06:37","date_gmt":"2020-05-11T10:06:37","guid":{"rendered":"https:\/\/milano.fanpage.it\/?p=627855"},"modified":"2020-05-11T10:06:37","modified_gmt":"2020-05-11T10:06:37","slug":"lombardia-gallera-da-oggi-controlli-febbre-sui-luoghi-di-lavoro-parrucchieri-verso-riapertura","status":"publish","type":"post","link":"https:\/\/nugnes.com\/?p=12518","title":{"rendered":"Lombardia, Gallera: \u201cDa oggi controlli febbre sui luoghi di lavoro\u201d. Parrucchieri verso riapertura"},"content":{"rendered":"<img src=\"https:\/\/static.fanpage.it\/wp-content\/uploads\/sites\/3\/2020\/04\/Giulio-Gallera-300x225.jpg\" \/><br \/>Finch\u00e9 i dati continuano a ridursi cos\u00ec la situazione \u00e8 positiva\".\u00a0Lo ha detto a \"Mattino 5\" l'assessore al Welfare di Regione Lombardia Giulio Gallera a proposito dell'emergenza Coronavirus. Da oggi in Lombardia parte il monitoraggio della temperatura sui luoghi di lavoro: \"Sar\u00e0 utilissimo perch\u00e9 ci aiuta a incrociare dati sul territorio\". Sulle riaperture: \"Tema \u00e8 non quando ma come, se alcune attivit\u00e0 avranno individuato modalit\u00e0 di lavoro e apertura con il rispetto delle regole di sicurezza potranno aprire, quindi, immagino forse i parrucchieri\".<br \/><a href=\"https:\/\/milano.fanpage.it\/lombardia-gallera-da-oggi-controlli-febbre-sui-luoghi-di-lavoro-parrucchieri-verso-riapertura\/\">Continua a leggere<\/a>","protected":false},"excerpt":{"rendered":"<p>Finch\u00e9 i dati continuano a ridursi cos\u00ec la situazione \u00e8 positiva&#8221;.\u00a0Lo ha detto a &#8220;Mattino 5&#8221; l&#8217;assessore al Welfare di Regione Lombardia Giulio Gallera a proposito dell&#8217;emergenza Coronavirus. Da oggi in Lombardia parte il monitoraggio della temperatura&#8230;<\/p>\n","protected":false},"author":82,"featured_media":0,"comment_status":"closed","ping_status":"closed","sticky":false,"template":"","format":"standard","meta":{"om_disable_all_campaigns":false,"_monsterinsights_skip_tracking":false,"_monsterinsights_sitenote_active":false,"_monsterinsights_sitenote_note":"","_monsterinsights_sitenote_category":0,"footnotes":""},"categories":[747,807],"tags":[],"class_list":["post-12518","post","type-post","status-publish","format-standard","hentry","category-cronaca-lombardia","category-politica-milano-e-lombardia"],"aioseo_notices":[],"_links":{"self":[{"href":"https:\/\/nugnes.com\/index.php?rest_route=\/wp\/v2\/posts\/12518","targetHints":{"allow":["GET"]}}],"collection":[{"href":"https:\/\/nugnes.com\/index.php?rest_route=\/wp\/v2\/posts"}],"about":[{"href":"https:\/\/nugnes.com\/index.php?rest_route=\/wp\/v2\/types\/post"}],"author":[{"embeddable":true,"href":"https:\/\/nugnes.com\/index.php?rest_route=\/wp\/v2\/users\/82"}],"replies":[{"embeddable":true,"href":"https:\/\/nugnes.com\/index.php?rest_route=%2Fwp%2Fv2%2Fcomments&post=12518"}],"version-history":[{"count":1,"href":"https:\/\/nugnes.com\/index.php?rest_route=\/wp\/v2\/posts\/12518\/revisions"}],"predecessor-version":[{"id":12519,"href":"https:\/\/nugnes.com\/index.php?rest_route=\/wp\/v2\/posts\/12518\/revisions\/12519"}],"wp:attachment":[{"href":"https:\/\/nugnes.com\/index.php?rest_route=%2Fwp%2Fv2%2Fmedia&parent=12518"}],"wp:term":[{"taxonomy":"category","embeddable":true,"href":"https:\/\/nugnes.com\/index.php?rest_route=%2Fwp%2Fv2%2Fcategories&post=12518"},{"taxonomy":"post_tag","embeddable":true,"href":"https:\/\/nugnes.com\/index.php?rest_route=%2Fwp%2Fv2%2Ftags&post=12518"}],"curies":[{"name":"wp","href":"https:\/\/api.w.org\/{rel}","templated":true}]}}