{"id":125571,"date":"2020-12-17T17:26:13","date_gmt":"2020-12-17T17:26:13","guid":{"rendered":"https:\/\/www.fanpage.it\/napoli\/?p=72042"},"modified":"2020-12-17T17:26:13","modified_gmt":"2020-12-17T17:26:13","slug":"covid-la-regione-campania-non-fornisce-il-dato-sui-nuovi-ingressi-in-terapia-intensiva","status":"publish","type":"post","link":"https:\/\/nugnes.com\/?p=125571","title":{"rendered":"Covid, la Regione Campania non fornisce il dato sui nuovi ingressi in terapia intensiva"},"content":{"rendered":"<img src=\"https:\/\/static.fanpage.it\/wp-content\/uploads\/sites\/30\/2020\/11\/terapia-intensiva-covid-2-300x225.jpg\" \/><br \/>La Regione Campania non comunica il dato sui nuovi ingressi in terapia intensiva: da quando \u00e8 stato aggiunto nella tabella nazionale, il valore \u00e8 sempre stato zero, con motivazioni varie. \"In corso di definizione\", \"non \u00e8 a disposizione\", \"non pu\u00f2 trasmettere il dato\", come si legge dalle note a margine pubblicate assieme ai vari bollettini nazionali.<br \/><a href=\"https:\/\/www.fanpage.it\/napoli\/covid-la-regione-campania-non-fornisce-il-dato-sui-nuovi-ingressi-in-terapia-intensiva\/\">Continua a leggere<\/a>","protected":false},"excerpt":{"rendered":"<p>La Regione Campania non comunica il dato sui nuovi ingressi in terapia intensiva: da quando \u00e8 stato aggiunto nella tabella nazionale, il valore \u00e8 sempre stato zero, con motivazioni varie. &#8220;In corso di definizione&#8221;, &#8220;non \u00e8 a disposizione&#8221;, &#8220;non pu\u00f2 tras&#8230;<\/p>\n","protected":false},"author":110,"featured_media":0,"comment_status":"closed","ping_status":"closed","sticky":false,"template":"","format":"standard","meta":{"om_disable_all_campaigns":false,"_monsterinsights_skip_tracking":false,"_monsterinsights_sitenote_active":false,"_monsterinsights_sitenote_note":"","_monsterinsights_sitenote_category":0,"footnotes":""},"categories":[223,10],"tags":[],"class_list":["post-125571","post","type-post","status-publish","format-standard","hentry","category-campania","category-cronaca"],"aioseo_notices":[],"_links":{"self":[{"href":"https:\/\/nugnes.com\/index.php?rest_route=\/wp\/v2\/posts\/125571","targetHints":{"allow":["GET"]}}],"collection":[{"href":"https:\/\/nugnes.com\/index.php?rest_route=\/wp\/v2\/posts"}],"about":[{"href":"https:\/\/nugnes.com\/index.php?rest_route=\/wp\/v2\/types\/post"}],"author":[{"embeddable":true,"href":"https:\/\/nugnes.com\/index.php?rest_route=\/wp\/v2\/users\/110"}],"replies":[{"embeddable":true,"href":"https:\/\/nugnes.com\/index.php?rest_route=%2Fwp%2Fv2%2Fcomments&post=125571"}],"version-history":[{"count":1,"href":"https:\/\/nugnes.com\/index.php?rest_route=\/wp\/v2\/posts\/125571\/revisions"}],"predecessor-version":[{"id":125572,"href":"https:\/\/nugnes.com\/index.php?rest_route=\/wp\/v2\/posts\/125571\/revisions\/125572"}],"wp:attachment":[{"href":"https:\/\/nugnes.com\/index.php?rest_route=%2Fwp%2Fv2%2Fmedia&parent=125571"}],"wp:term":[{"taxonomy":"category","embeddable":true,"href":"https:\/\/nugnes.com\/index.php?rest_route=%2Fwp%2Fv2%2Fcategories&post=125571"},{"taxonomy":"post_tag","embeddable":true,"href":"https:\/\/nugnes.com\/index.php?rest_route=%2Fwp%2Fv2%2Ftags&post=125571"}],"curies":[{"name":"wp","href":"https:\/\/api.w.org\/{rel}","templated":true}]}}