{"id":12627,"date":"2020-05-11T14:30:10","date_gmt":"2020-05-11T14:30:10","guid":{"rendered":"https:\/\/milano.fanpage.it\/?p=627915"},"modified":"2020-05-11T14:30:10","modified_gmt":"2020-05-11T14:30:10","slug":"il-sindaco-di-cisliano-contro-ats-milano-nessun-tampone-dopo-i-test-sierologici-positivi-in-45","status":"publish","type":"post","link":"https:\/\/nugnes.com\/?p=12627","title":{"rendered":"Il sindaco di Cisliano contro Ats Milano: \u201cNessun tampone dopo i test sierologici: positivi in 45\u201d"},"content":{"rendered":"<img src=\"https:\/\/static.fanpage.it\/wp-content\/uploads\/sites\/3\/2020\/04\/LP_11283781-638x425.jpg\" \/><br \/>Il sindaco di Cisliano, paese in provincia di Milano, Luca Dur\u00e8, ha proceduto con il deposito di un esposto-denuncia alla procura di Pavia poich\u00e9, dopo aver sottoposto la cittadinanza ai test sierologici, dei quali 45 sono risultati positivi, non si \u00e8 proceduto in alcuna maniera al monitoraggio di coloro che hanno sviluppato gli anticorpi al Covid come invece dovrebbe essere fatto con regolari tamponi naso faringei.<br \/><a href=\"https:\/\/milano.fanpage.it\/il-sindaco-di-cisliano-contro-ats-milano-nessun-tampone-dopo-i-test-sierologici-positivi-in-45\/\">Continua a leggere<\/a>","protected":false},"excerpt":{"rendered":"<p>Il sindaco di Cisliano, paese in provincia di Milano, Luca Dur\u00e8, ha proceduto con il deposito di un esposto-denuncia alla procura di Pavia poich\u00e9, dopo aver sottoposto la cittadinanza ai test sierologici, dei quali 45 sono risultati positivi, non si \u00e8 &#8230;<\/p>\n","protected":false},"author":98,"featured_media":0,"comment_status":"closed","ping_status":"closed","sticky":false,"template":"","format":"standard","meta":{"om_disable_all_campaigns":false,"_monsterinsights_skip_tracking":false,"_monsterinsights_sitenote_active":false,"_monsterinsights_sitenote_note":"","_monsterinsights_sitenote_category":0,"footnotes":""},"categories":[747,38],"tags":[],"class_list":["post-12627","post","type-post","status-publish","format-standard","hentry","category-cronaca-lombardia","category-milano"],"aioseo_notices":[],"_links":{"self":[{"href":"https:\/\/nugnes.com\/index.php?rest_route=\/wp\/v2\/posts\/12627","targetHints":{"allow":["GET"]}}],"collection":[{"href":"https:\/\/nugnes.com\/index.php?rest_route=\/wp\/v2\/posts"}],"about":[{"href":"https:\/\/nugnes.com\/index.php?rest_route=\/wp\/v2\/types\/post"}],"author":[{"embeddable":true,"href":"https:\/\/nugnes.com\/index.php?rest_route=\/wp\/v2\/users\/98"}],"replies":[{"embeddable":true,"href":"https:\/\/nugnes.com\/index.php?rest_route=%2Fwp%2Fv2%2Fcomments&post=12627"}],"version-history":[{"count":1,"href":"https:\/\/nugnes.com\/index.php?rest_route=\/wp\/v2\/posts\/12627\/revisions"}],"predecessor-version":[{"id":12629,"href":"https:\/\/nugnes.com\/index.php?rest_route=\/wp\/v2\/posts\/12627\/revisions\/12629"}],"wp:attachment":[{"href":"https:\/\/nugnes.com\/index.php?rest_route=%2Fwp%2Fv2%2Fmedia&parent=12627"}],"wp:term":[{"taxonomy":"category","embeddable":true,"href":"https:\/\/nugnes.com\/index.php?rest_route=%2Fwp%2Fv2%2Fcategories&post=12627"},{"taxonomy":"post_tag","embeddable":true,"href":"https:\/\/nugnes.com\/index.php?rest_route=%2Fwp%2Fv2%2Ftags&post=12627"}],"curies":[{"name":"wp","href":"https:\/\/api.w.org\/{rel}","templated":true}]}}