{"id":127565,"date":"2020-12-22T08:09:11","date_gmt":"2020-12-22T08:09:11","guid":{"rendered":"https:\/\/www.fanpage.it\/sport\/?p=1353823"},"modified":"2020-12-22T08:09:11","modified_gmt":"2020-12-22T08:09:11","slug":"perche-buffon-non-e-stato-squalificato-dal-giudice-sportivo-come-cristante","status":"publish","type":"post","link":"https:\/\/nugnes.com\/?p=127565","title":{"rendered":"Perch\u00e9 Buffon non \u00e8 stato squalificato dal Giudice Sportivo come Cristante"},"content":{"rendered":"<img src=\"https:\/\/static.fanpage.it\/wp-content\/uploads\/sites\/27\/2020\/12\/buffon-cristante.jpg\" \/><br \/>La mancata squalifica di Gianluigi Buffon \u00e8 al centro delle polemiche sul web e non solo. Malgrado l'estremo bianconero abbia pronunciato la frase incriminata non \u00e8 stato possibile sanzionarlo perch\u00e9 la Procura non ha dato al Giudice Sportivo ulteriori elementi di indagine. Differente il 'caso' Cristante dove le immagini tv sono state considerate \"senza margini di ragionevole dubbio\"<br \/><a href=\"https:\/\/www.fanpage.it\/sport\/calcio\/perche-buffon-non-e-stato-squalificato-dal-giudice-sportivo-come-cristante\/\">Continua a leggere<\/a>","protected":false},"excerpt":{"rendered":"<p>La mancata squalifica di Gianluigi Buffon \u00e8 al centro delle polemiche sul web e non solo. Malgrado l&#8217;estremo bianconero abbia pronunciato la frase incriminata non \u00e8 stato possibile sanzionarlo perch\u00e9 la Procura non ha dato al Giudice Sportivo ulteriori&#8230;<\/p>\n","protected":false},"author":81,"featured_media":0,"comment_status":"closed","ping_status":"closed","sticky":false,"template":"","format":"standard","meta":{"om_disable_all_campaigns":false,"_monsterinsights_skip_tracking":false,"_monsterinsights_sitenote_active":false,"_monsterinsights_sitenote_note":"","_monsterinsights_sitenote_category":0,"footnotes":""},"categories":[75,150,743,77,344],"tags":[],"class_list":["post-127565","post","type-post","status-publish","format-standard","hentry","category-calcio","category-juventus","category-notizie","category-roma","category-serie-a"],"aioseo_notices":[],"_links":{"self":[{"href":"https:\/\/nugnes.com\/index.php?rest_route=\/wp\/v2\/posts\/127565","targetHints":{"allow":["GET"]}}],"collection":[{"href":"https:\/\/nugnes.com\/index.php?rest_route=\/wp\/v2\/posts"}],"about":[{"href":"https:\/\/nugnes.com\/index.php?rest_route=\/wp\/v2\/types\/post"}],"author":[{"embeddable":true,"href":"https:\/\/nugnes.com\/index.php?rest_route=\/wp\/v2\/users\/81"}],"replies":[{"embeddable":true,"href":"https:\/\/nugnes.com\/index.php?rest_route=%2Fwp%2Fv2%2Fcomments&post=127565"}],"version-history":[{"count":1,"href":"https:\/\/nugnes.com\/index.php?rest_route=\/wp\/v2\/posts\/127565\/revisions"}],"predecessor-version":[{"id":127566,"href":"https:\/\/nugnes.com\/index.php?rest_route=\/wp\/v2\/posts\/127565\/revisions\/127566"}],"wp:attachment":[{"href":"https:\/\/nugnes.com\/index.php?rest_route=%2Fwp%2Fv2%2Fmedia&parent=127565"}],"wp:term":[{"taxonomy":"category","embeddable":true,"href":"https:\/\/nugnes.com\/index.php?rest_route=%2Fwp%2Fv2%2Fcategories&post=127565"},{"taxonomy":"post_tag","embeddable":true,"href":"https:\/\/nugnes.com\/index.php?rest_route=%2Fwp%2Fv2%2Ftags&post=127565"}],"curies":[{"name":"wp","href":"https:\/\/api.w.org\/{rel}","templated":true}]}}