{"id":134177,"date":"2021-01-05T15:49:38","date_gmt":"2021-01-05T15:49:38","guid":{"rendered":"https:\/\/www.fanpage.it\/?p=1353693"},"modified":"2021-01-05T15:49:38","modified_gmt":"2021-01-05T15:49:38","slug":"governo-di-maio-resto-agli-esteri-ho-rinunciato-gia-due-volte-a-fare-il-presidente-del-consiglio","status":"publish","type":"post","link":"https:\/\/nugnes.com\/?p=134177","title":{"rendered":"Governo, Di Maio: \u201cResto agli Esteri, ho rinunciato gi\u00e0 due volte a fare il presidente del Consiglio\u201d"},"content":{"rendered":"<img src=\"https:\/\/static.fanpage.it\/wp-content\/uploads\/2020\/11\/di-maio-10-300x225.jpg\" \/><br \/>Luigi Di Maio \u00e8 ottimista, dice, rispetto alla crisi di Governo. Il ministro degli Esteri \u00e8 possibilista su un rimpasto ma esclude di cambiare ruolo, ricordando che gli \"hanno offerto gi\u00e0 due volte di fare il presidente del Consiglio\". Sul tema vaccini ricorda che l'Italia \u00e8 seconda in Europa, dopo la Germania, nelle somministrazioni. E sulla scuola: \"Azzolina era pronta il 7, ma alcune Regioni no\".<br \/><a href=\"https:\/\/www.fanpage.it\/politica\/governo-di-maio-resto-agli-esteri-ho-rinunciato-gia-due-volte-a-fare-il-presidente-del-consiglio\/\">Continua a leggere<\/a>","protected":false},"excerpt":{"rendered":"<p>Luigi Di Maio \u00e8 ottimista, dice, rispetto alla crisi di Governo. Il ministro degli Esteri \u00e8 possibilista su un rimpasto ma esclude di cambiare ruolo, ricordando che gli &#8220;hanno offerto gi\u00e0 due volte di fare il presidente del Consiglio&#8221;. Sul tema vaccini&#8230;<\/p>\n","protected":false},"author":187,"featured_media":0,"comment_status":"closed","ping_status":"closed","sticky":false,"template":"","format":"standard","meta":{"om_disable_all_campaigns":false,"_monsterinsights_skip_tracking":false,"_monsterinsights_sitenote_active":false,"_monsterinsights_sitenote_note":"","_monsterinsights_sitenote_category":0,"footnotes":""},"categories":[748],"tags":[],"class_list":["post-134177","post","type-post","status-publish","format-standard","hentry","category-politica-italiana"],"aioseo_notices":[],"_links":{"self":[{"href":"https:\/\/nugnes.com\/index.php?rest_route=\/wp\/v2\/posts\/134177","targetHints":{"allow":["GET"]}}],"collection":[{"href":"https:\/\/nugnes.com\/index.php?rest_route=\/wp\/v2\/posts"}],"about":[{"href":"https:\/\/nugnes.com\/index.php?rest_route=\/wp\/v2\/types\/post"}],"author":[{"embeddable":true,"href":"https:\/\/nugnes.com\/index.php?rest_route=\/wp\/v2\/users\/187"}],"replies":[{"embeddable":true,"href":"https:\/\/nugnes.com\/index.php?rest_route=%2Fwp%2Fv2%2Fcomments&post=134177"}],"version-history":[{"count":1,"href":"https:\/\/nugnes.com\/index.php?rest_route=\/wp\/v2\/posts\/134177\/revisions"}],"predecessor-version":[{"id":134178,"href":"https:\/\/nugnes.com\/index.php?rest_route=\/wp\/v2\/posts\/134177\/revisions\/134178"}],"wp:attachment":[{"href":"https:\/\/nugnes.com\/index.php?rest_route=%2Fwp%2Fv2%2Fmedia&parent=134177"}],"wp:term":[{"taxonomy":"category","embeddable":true,"href":"https:\/\/nugnes.com\/index.php?rest_route=%2Fwp%2Fv2%2Fcategories&post=134177"},{"taxonomy":"post_tag","embeddable":true,"href":"https:\/\/nugnes.com\/index.php?rest_route=%2Fwp%2Fv2%2Ftags&post=134177"}],"curies":[{"name":"wp","href":"https:\/\/api.w.org\/{rel}","templated":true}]}}