{"id":134183,"date":"2021-01-05T15:43:50","date_gmt":"2021-01-05T15:43:50","guid":{"rendered":"https:\/\/www.fanpage.it\/sport\/?p=1361183"},"modified":"2021-01-05T15:43:50","modified_gmt":"2021-01-05T15:43:50","slug":"cuadrado-positivo-al-coronavirus-nella-juventus-e-il-secondo-caso-dopo-alex-sandro","status":"publish","type":"post","link":"https:\/\/nugnes.com\/?p=134183","title":{"rendered":"Cuadrado positivo al coronavirus, nella Juventus \u00e8 il secondo caso dopo Alex Sandro"},"content":{"rendered":"<img src=\"https:\/\/static.fanpage.it\/wp-content\/uploads\/sites\/27\/2021\/01\/cuadrado-positivo-al-covid-638x425.jpg\" \/><br \/>Cuadrado positivo al coronavirus, lo ha comunicato ufficialmente la Juventus alla vigilia della sfida con il Milan: \"Il calciatore \u00e8 gi\u00e0 stato posto in isolamento ed \u00e8 asintomatico\". Pirlo perde un altro esterno: oltre all'ex Porto sulla corsia mancina, dovr\u00e0 fare a meno del colombiano che sul lato destro s'\u00e8 rivelato una risorsa preziosa.<br \/><a href=\"https:\/\/www.fanpage.it\/sport\/calcio\/cuadrado-positivo-al-coronavirus-e-il-secondo-caso-dopo-alex-sandro\/\">Continua a leggere<\/a>","protected":false},"excerpt":{"rendered":"<p>Cuadrado positivo al coronavirus, lo ha comunicato ufficialmente la Juventus alla vigilia della sfida con il Milan: &#8220;Il calciatore \u00e8 gi\u00e0 stato posto in isolamento ed \u00e8 asintomatico&#8221;. Pirlo perde un altro esterno: oltre all&#8217;ex Porto sulla corsia mancina&#8230;<\/p>\n","protected":false},"author":100,"featured_media":0,"comment_status":"closed","ping_status":"closed","sticky":false,"template":"","format":"standard","meta":{"om_disable_all_campaigns":false,"_monsterinsights_skip_tracking":false,"_monsterinsights_sitenote_active":false,"_monsterinsights_sitenote_note":"","_monsterinsights_sitenote_category":0,"footnotes":""},"categories":[75,150,743,344],"tags":[],"class_list":["post-134183","post","type-post","status-publish","format-standard","hentry","category-calcio","category-juventus","category-notizie","category-serie-a"],"aioseo_notices":[],"_links":{"self":[{"href":"https:\/\/nugnes.com\/index.php?rest_route=\/wp\/v2\/posts\/134183","targetHints":{"allow":["GET"]}}],"collection":[{"href":"https:\/\/nugnes.com\/index.php?rest_route=\/wp\/v2\/posts"}],"about":[{"href":"https:\/\/nugnes.com\/index.php?rest_route=\/wp\/v2\/types\/post"}],"author":[{"embeddable":true,"href":"https:\/\/nugnes.com\/index.php?rest_route=\/wp\/v2\/users\/100"}],"replies":[{"embeddable":true,"href":"https:\/\/nugnes.com\/index.php?rest_route=%2Fwp%2Fv2%2Fcomments&post=134183"}],"version-history":[{"count":1,"href":"https:\/\/nugnes.com\/index.php?rest_route=\/wp\/v2\/posts\/134183\/revisions"}],"predecessor-version":[{"id":134184,"href":"https:\/\/nugnes.com\/index.php?rest_route=\/wp\/v2\/posts\/134183\/revisions\/134184"}],"wp:attachment":[{"href":"https:\/\/nugnes.com\/index.php?rest_route=%2Fwp%2Fv2%2Fmedia&parent=134183"}],"wp:term":[{"taxonomy":"category","embeddable":true,"href":"https:\/\/nugnes.com\/index.php?rest_route=%2Fwp%2Fv2%2Fcategories&post=134183"},{"taxonomy":"post_tag","embeddable":true,"href":"https:\/\/nugnes.com\/index.php?rest_route=%2Fwp%2Fv2%2Ftags&post=134183"}],"curies":[{"name":"wp","href":"https:\/\/api.w.org\/{rel}","templated":true}]}}