{"id":14112,"date":"2020-05-13T15:31:19","date_gmt":"2020-05-13T15:31:19","guid":{"rendered":"https:\/\/tv.fanpage.it\/?p=329579"},"modified":"2020-05-13T15:31:19","modified_gmt":"2020-05-13T15:31:19","slug":"alba-parietti-parla-del-suo-contagio-da-coronavirus-mi-hanno-minacciata-e-dato-della-mitomane","status":"publish","type":"post","link":"https:\/\/nugnes.com\/?p=14112","title":{"rendered":"Alba Parietti parla del suo contagio da coronavirus: \u201cMi hanno minacciata e dato della mitomane\u201d"},"content":{"rendered":"<img src=\"https:\/\/static.fanpage.it\/wp-content\/uploads\/sites\/16\/2020\/05\/Alba-Parietti-Balivo-638x417.jpg\" \/><br \/>Alba Parietti \u00e8 stata ospite nella puntata di mercoled\u00ec 13 maggio dello show pomeridiano di Caterina Balivo, Vieni da me. La showgirl ha raccontato della sua esperienza in seguito alla scoperta di aver contratto il coronavirus. Non \u00e8 bastato superare la malattia, perch\u00e9 il noto volto tv si \u00e8 dovuta battere contro coloro che l'hanno insultata e minacciata, per le sue battaglie di sensibilizzazione nel corso dell'emergenza.<br \/><a href=\"https:\/\/tv.fanpage.it\/alba-parietti-parla-del-suo-contagio-da-coronavirus-mi-hanno-minacciata-e-dato-della-mitomane\/\">Continua a leggere<\/a>","protected":false},"excerpt":{"rendered":"<p>Alba Parietti \u00e8 stata ospite nella puntata di mercoled\u00ec 13 maggio dello show pomeridiano di Caterina Balivo, Vieni da me. La showgirl ha raccontato della sua esperienza in seguito alla scoperta di aver contratto il coronavirus. Non \u00e8 bastato superare l&#8230;<\/p>\n","protected":false},"author":103,"featured_media":0,"comment_status":"closed","ping_status":"closed","sticky":false,"template":"","format":"standard","meta":{"om_disable_all_campaigns":false,"_monsterinsights_skip_tracking":false,"_monsterinsights_sitenote_active":false,"_monsterinsights_sitenote_note":"","_monsterinsights_sitenote_category":0,"footnotes":""},"categories":[],"tags":[],"class_list":["post-14112","post","type-post","status-publish","format-standard","hentry"],"aioseo_notices":[],"_links":{"self":[{"href":"https:\/\/nugnes.com\/index.php?rest_route=\/wp\/v2\/posts\/14112","targetHints":{"allow":["GET"]}}],"collection":[{"href":"https:\/\/nugnes.com\/index.php?rest_route=\/wp\/v2\/posts"}],"about":[{"href":"https:\/\/nugnes.com\/index.php?rest_route=\/wp\/v2\/types\/post"}],"author":[{"embeddable":true,"href":"https:\/\/nugnes.com\/index.php?rest_route=\/wp\/v2\/users\/103"}],"replies":[{"embeddable":true,"href":"https:\/\/nugnes.com\/index.php?rest_route=%2Fwp%2Fv2%2Fcomments&post=14112"}],"version-history":[{"count":1,"href":"https:\/\/nugnes.com\/index.php?rest_route=\/wp\/v2\/posts\/14112\/revisions"}],"predecessor-version":[{"id":14113,"href":"https:\/\/nugnes.com\/index.php?rest_route=\/wp\/v2\/posts\/14112\/revisions\/14113"}],"wp:attachment":[{"href":"https:\/\/nugnes.com\/index.php?rest_route=%2Fwp%2Fv2%2Fmedia&parent=14112"}],"wp:term":[{"taxonomy":"category","embeddable":true,"href":"https:\/\/nugnes.com\/index.php?rest_route=%2Fwp%2Fv2%2Fcategories&post=14112"},{"taxonomy":"post_tag","embeddable":true,"href":"https:\/\/nugnes.com\/index.php?rest_route=%2Fwp%2Fv2%2Ftags&post=14112"}],"curies":[{"name":"wp","href":"https:\/\/api.w.org\/{rel}","templated":true}]}}