{"id":14116,"date":"2020-05-13T15:29:00","date_gmt":"2020-05-13T15:29:00","guid":{"rendered":"https:\/\/donna.fanpage.it\/?p=342465"},"modified":"2020-05-13T15:29:00","modified_gmt":"2020-05-13T15:29:00","slug":"david-beckham-in-quarantena-indossa-quasi-sempre-il-cappello-e-per-nascondere-i-capelli-diradati","status":"publish","type":"post","link":"https:\/\/nugnes.com\/?p=14116","title":{"rendered":"David Beckham in quarantena indossa quasi sempre il cappello: \u00e8 per nascondere i capelli diradati"},"content":{"rendered":"<img src=\"https:\/\/static.fanpage.it\/wp-content\/uploads\/sites\/11\/2020\/05\/david-beckham-capelli-diradati-638x425.jpg\" \/><br \/>\u00c8 dall'inizio del lockdown che David Beckham, dopo essersi rasato a zero, porta sempre il cappello ma solo oggi \u00e8 emerso il motivo per cui lo fa. L'ex calciatore \u00e8 stato paparazzato in strada, rivelando dei capelli molto diradati.<br \/><a href=\"https:\/\/donna.fanpage.it\/david-beckham-in-quarantena-indossa-quasi-sempre-il-cappello-e-per-nascondere-i-capelli-diradati\/\">Continua a leggere<\/a>","protected":false},"excerpt":{"rendered":"<p>\u00c8 dall&#8217;inizio del lockdown che David Beckham, dopo essersi rasato a zero, porta sempre il cappello ma solo oggi \u00e8 emerso il motivo per cui lo fa. L&#8217;ex calciatore \u00e8 stato paparazzato in strada, rivelando dei capelli molto diradati.Continua a leggere<\/p>\n","protected":false},"author":127,"featured_media":0,"comment_status":"closed","ping_status":"closed","sticky":false,"template":"","format":"standard","meta":{"om_disable_all_campaigns":false,"_monsterinsights_skip_tracking":false,"_monsterinsights_sitenote_active":false,"_monsterinsights_sitenote_note":"","_monsterinsights_sitenote_category":0,"footnotes":""},"categories":[795,744],"tags":[],"class_list":["post-14116","post","type-post","status-publish","format-standard","hentry","category-celebrita","category-news"],"aioseo_notices":[],"_links":{"self":[{"href":"https:\/\/nugnes.com\/index.php?rest_route=\/wp\/v2\/posts\/14116","targetHints":{"allow":["GET"]}}],"collection":[{"href":"https:\/\/nugnes.com\/index.php?rest_route=\/wp\/v2\/posts"}],"about":[{"href":"https:\/\/nugnes.com\/index.php?rest_route=\/wp\/v2\/types\/post"}],"author":[{"embeddable":true,"href":"https:\/\/nugnes.com\/index.php?rest_route=\/wp\/v2\/users\/127"}],"replies":[{"embeddable":true,"href":"https:\/\/nugnes.com\/index.php?rest_route=%2Fwp%2Fv2%2Fcomments&post=14116"}],"version-history":[{"count":1,"href":"https:\/\/nugnes.com\/index.php?rest_route=\/wp\/v2\/posts\/14116\/revisions"}],"predecessor-version":[{"id":14117,"href":"https:\/\/nugnes.com\/index.php?rest_route=\/wp\/v2\/posts\/14116\/revisions\/14117"}],"wp:attachment":[{"href":"https:\/\/nugnes.com\/index.php?rest_route=%2Fwp%2Fv2%2Fmedia&parent=14116"}],"wp:term":[{"taxonomy":"category","embeddable":true,"href":"https:\/\/nugnes.com\/index.php?rest_route=%2Fwp%2Fv2%2Fcategories&post=14116"},{"taxonomy":"post_tag","embeddable":true,"href":"https:\/\/nugnes.com\/index.php?rest_route=%2Fwp%2Fv2%2Ftags&post=14116"}],"curies":[{"name":"wp","href":"https:\/\/api.w.org\/{rel}","templated":true}]}}