{"id":141302,"date":"2021-01-20T15:44:08","date_gmt":"2021-01-20T15:44:08","guid":{"rendered":"https:\/\/www.fanpage.it\/?p=1363070"},"modified":"2021-01-20T15:44:08","modified_gmt":"2021-01-20T15:44:08","slug":"merkel-pensa-di-blindare-le-frontiere-se-gli-altri-stati-non-imporranno-misure-piu-restrittive","status":"publish","type":"post","link":"https:\/\/nugnes.com\/?p=141302","title":{"rendered":"Merkel pensa di blindare le frontiere se gli altri Stati non imporranno misure pi\u00f9 restrittive"},"content":{"rendered":"<img src=\"https:\/\/static.fanpage.it\/wp-content\/uploads\/2020\/12\/angela-merkel-638x425.jpg\" \/><br \/>La cancelliera Angela Merkel si dice pronta a blindare le frontiere qualora gli Stati vicini non imporranno misure restrittive contro il Covid. L'annuncio \u00e8 arrivato dopo la riunione con i primi ministri dei Laender in cui ha annunciato che il lockdown sar\u00e0 prorogato fino al 14 febbraio: pi\u00f9 lavoro da remoto, scuole chiuse e possibile coprifuoco serale tra le misure in vigore in Germania nelle prossime settimane.<br \/><a href=\"https:\/\/www.fanpage.it\/esteri\/merkel-pensa-di-blindare-le-frontiere-se-gli-altri-stati-non-imporranno-misure-piu-restrittive\/\">Continua a leggere<\/a>","protected":false},"excerpt":{"rendered":"<p>La cancelliera Angela Merkel si dice pronta a blindare le frontiere qualora gli Stati vicini non imporranno misure restrittive contro il Covid. L&#8217;annuncio \u00e8 arrivato dopo la riunione con i primi ministri dei Laender in cui ha annunciato che il lockdown&#8230;<\/p>\n","protected":false},"author":119,"featured_media":0,"comment_status":"closed","ping_status":"closed","sticky":false,"template":"","format":"standard","meta":{"om_disable_all_campaigns":false,"_monsterinsights_skip_tracking":false,"_monsterinsights_sitenote_active":false,"_monsterinsights_sitenote_note":"","_monsterinsights_sitenote_category":0,"footnotes":""},"categories":[20,68],"tags":[],"class_list":["post-141302","post","type-post","status-publish","format-standard","hentry","category-esteri","category-europa"],"aioseo_notices":[],"_links":{"self":[{"href":"https:\/\/nugnes.com\/index.php?rest_route=\/wp\/v2\/posts\/141302","targetHints":{"allow":["GET"]}}],"collection":[{"href":"https:\/\/nugnes.com\/index.php?rest_route=\/wp\/v2\/posts"}],"about":[{"href":"https:\/\/nugnes.com\/index.php?rest_route=\/wp\/v2\/types\/post"}],"author":[{"embeddable":true,"href":"https:\/\/nugnes.com\/index.php?rest_route=\/wp\/v2\/users\/119"}],"replies":[{"embeddable":true,"href":"https:\/\/nugnes.com\/index.php?rest_route=%2Fwp%2Fv2%2Fcomments&post=141302"}],"version-history":[{"count":1,"href":"https:\/\/nugnes.com\/index.php?rest_route=\/wp\/v2\/posts\/141302\/revisions"}],"predecessor-version":[{"id":141303,"href":"https:\/\/nugnes.com\/index.php?rest_route=\/wp\/v2\/posts\/141302\/revisions\/141303"}],"wp:attachment":[{"href":"https:\/\/nugnes.com\/index.php?rest_route=%2Fwp%2Fv2%2Fmedia&parent=141302"}],"wp:term":[{"taxonomy":"category","embeddable":true,"href":"https:\/\/nugnes.com\/index.php?rest_route=%2Fwp%2Fv2%2Fcategories&post=141302"},{"taxonomy":"post_tag","embeddable":true,"href":"https:\/\/nugnes.com\/index.php?rest_route=%2Fwp%2Fv2%2Ftags&post=141302"}],"curies":[{"name":"wp","href":"https:\/\/api.w.org\/{rel}","templated":true}]}}