{"id":142808,"date":"2021-01-23T07:39:33","date_gmt":"2021-01-23T07:39:33","guid":{"rendered":"https:\/\/www.fanpage.it\/?p=1365768"},"modified":"2021-01-23T07:39:33","modified_gmt":"2021-01-23T07:39:33","slug":"sardegna-e-lombardia-verso-la-zona-arancione-lerrore-di-milano-sullindice-rt","status":"publish","type":"post","link":"https:\/\/nugnes.com\/?p=142808","title":{"rendered":"Sardegna e Lombardia verso la zona arancione: l\u2019errore di Milano sull\u2019indice Rt"},"content":{"rendered":"<img src=\"https:\/\/static.fanpage.it\/wp-content\/uploads\/2020\/03\/LP_11145630-300x225.jpg\" \/><br \/>Tra poche ore il ministro della Salute Speranza firmer\u00e0 due ordinanze con le quali due Regioni entreranno in zona arancione. Si tratta di Sardegna e Lombardia, che per\u00f2 \u00e8 un caso a parte. Qui infatti l'entrata in un'altra area di rischio non arriva in seguito a un cambiamento sostanziale nella situazione epidemiologica regionale, ma a causa di un errore nella segnalazione dell'indice Rt.<br \/><a href=\"https:\/\/www.fanpage.it\/politica\/sardegna-e-lombardia-verso-la-zona-arancione-lerrore-di-milano-sullindice-rt\/\">Continua a leggere<\/a>","protected":false},"excerpt":{"rendered":"<p>Tra poche ore il ministro della Salute Speranza firmer\u00e0 due ordinanze con le quali due Regioni entreranno in zona arancione. Si tratta di Sardegna e Lombardia, che per\u00f2 \u00e8 un caso a parte. Qui infatti l&#8217;entrata in un&#8217;altra area di rischio non arriva in &#8230;<\/p>\n","protected":false},"author":104,"featured_media":0,"comment_status":"closed","ping_status":"closed","sticky":false,"template":"","format":"standard","meta":{"om_disable_all_campaigns":false,"_monsterinsights_skip_tracking":false,"_monsterinsights_sitenote_active":false,"_monsterinsights_sitenote_note":"","_monsterinsights_sitenote_category":0,"footnotes":""},"categories":[748],"tags":[],"class_list":["post-142808","post","type-post","status-publish","format-standard","hentry","category-politica-italiana"],"aioseo_notices":[],"_links":{"self":[{"href":"https:\/\/nugnes.com\/index.php?rest_route=\/wp\/v2\/posts\/142808","targetHints":{"allow":["GET"]}}],"collection":[{"href":"https:\/\/nugnes.com\/index.php?rest_route=\/wp\/v2\/posts"}],"about":[{"href":"https:\/\/nugnes.com\/index.php?rest_route=\/wp\/v2\/types\/post"}],"author":[{"embeddable":true,"href":"https:\/\/nugnes.com\/index.php?rest_route=\/wp\/v2\/users\/104"}],"replies":[{"embeddable":true,"href":"https:\/\/nugnes.com\/index.php?rest_route=%2Fwp%2Fv2%2Fcomments&post=142808"}],"version-history":[{"count":1,"href":"https:\/\/nugnes.com\/index.php?rest_route=\/wp\/v2\/posts\/142808\/revisions"}],"predecessor-version":[{"id":142809,"href":"https:\/\/nugnes.com\/index.php?rest_route=\/wp\/v2\/posts\/142808\/revisions\/142809"}],"wp:attachment":[{"href":"https:\/\/nugnes.com\/index.php?rest_route=%2Fwp%2Fv2%2Fmedia&parent=142808"}],"wp:term":[{"taxonomy":"category","embeddable":true,"href":"https:\/\/nugnes.com\/index.php?rest_route=%2Fwp%2Fv2%2Fcategories&post=142808"},{"taxonomy":"post_tag","embeddable":true,"href":"https:\/\/nugnes.com\/index.php?rest_route=%2Fwp%2Fv2%2Ftags&post=142808"}],"curies":[{"name":"wp","href":"https:\/\/api.w.org\/{rel}","templated":true}]}}