{"id":14459,"date":"2020-05-14T10:31:26","date_gmt":"2020-05-14T10:31:26","guid":{"rendered":"https:\/\/milano.fanpage.it\/?p=628491"},"modified":"2020-05-14T10:31:26","modified_gmt":"2020-05-14T10:31:26","slug":"sala-ai-milanesi-lidroscalo-e-un-luogo-sicuro-passate-qui-lestate","status":"publish","type":"post","link":"https:\/\/nugnes.com\/?p=14459","title":{"rendered":"Sala ai milanesi: \u201cL\u2019Idroscalo \u00e8 un luogo sicuro: passate qui l\u2019estate\u201d"},"content":{"rendered":"<img src=\"https:\/\/static.fanpage.it\/wp-content\/uploads\/sites\/3\/2020\/05\/sala-idroscalo-638x425.jpg\" \/><br \/>Il sindaco di Milano Beppe Sala invita i milanesi a trascorrere l'estate all'Idroscalo, bacino artificiale situato tra i comuni di Segrate e Peschiera Borromeo  da tutti considerato \"il mare di Milano\": \"L'idroscalo \u00e8 una delle bellezze milanesi, tanti lo conoscono e io consiglio di passare parte del vostro tempo estivo qui - ha detto Sala - anche perch\u00e9 sar\u00e0 una permanenza in totale sicurezza, all'ingresso vi verr\u00e0 monitorata la temperatura, gli ingressi sono contingentati e sar\u00e0 obbligatoria la mascherina\".<br \/><a href=\"https:\/\/milano.fanpage.it\/sala-ai-milanesi-lidroscalo-e-un-luogo-sicuro-passate-qui-lestate\/\">Continua a leggere<\/a>","protected":false},"excerpt":{"rendered":"<p>Il sindaco di Milano Beppe Sala invita i milanesi a trascorrere l&#8217;estate all&#8217;Idroscalo, bacino artificiale situato tra i comuni di Segrate e Peschiera Borromeo  da tutti considerato &#8220;il mare di Milano&#8221;: &#8220;L&#8217;idroscalo \u00e8 una delle bellezze milanesi, tanti&#8230;<\/p>\n","protected":false},"author":119,"featured_media":0,"comment_status":"closed","ping_status":"closed","sticky":false,"template":"","format":"standard","meta":{"om_disable_all_campaigns":false,"_monsterinsights_skip_tracking":false,"_monsterinsights_sitenote_active":false,"_monsterinsights_sitenote_note":"","_monsterinsights_sitenote_category":0,"footnotes":""},"categories":[747,38],"tags":[],"class_list":["post-14459","post","type-post","status-publish","format-standard","hentry","category-cronaca-lombardia","category-milano"],"aioseo_notices":[],"_links":{"self":[{"href":"https:\/\/nugnes.com\/index.php?rest_route=\/wp\/v2\/posts\/14459","targetHints":{"allow":["GET"]}}],"collection":[{"href":"https:\/\/nugnes.com\/index.php?rest_route=\/wp\/v2\/posts"}],"about":[{"href":"https:\/\/nugnes.com\/index.php?rest_route=\/wp\/v2\/types\/post"}],"author":[{"embeddable":true,"href":"https:\/\/nugnes.com\/index.php?rest_route=\/wp\/v2\/users\/119"}],"replies":[{"embeddable":true,"href":"https:\/\/nugnes.com\/index.php?rest_route=%2Fwp%2Fv2%2Fcomments&post=14459"}],"version-history":[{"count":1,"href":"https:\/\/nugnes.com\/index.php?rest_route=\/wp\/v2\/posts\/14459\/revisions"}],"predecessor-version":[{"id":14460,"href":"https:\/\/nugnes.com\/index.php?rest_route=\/wp\/v2\/posts\/14459\/revisions\/14460"}],"wp:attachment":[{"href":"https:\/\/nugnes.com\/index.php?rest_route=%2Fwp%2Fv2%2Fmedia&parent=14459"}],"wp:term":[{"taxonomy":"category","embeddable":true,"href":"https:\/\/nugnes.com\/index.php?rest_route=%2Fwp%2Fv2%2Fcategories&post=14459"},{"taxonomy":"post_tag","embeddable":true,"href":"https:\/\/nugnes.com\/index.php?rest_route=%2Fwp%2Fv2%2Ftags&post=14459"}],"curies":[{"name":"wp","href":"https:\/\/api.w.org\/{rel}","templated":true}]}}