{"id":146898,"date":"2021-01-31T14:56:05","date_gmt":"2021-01-31T14:56:05","guid":{"rendered":"https:\/\/www.fanpage.it\/?p=1371248"},"modified":"2021-01-31T14:56:05","modified_gmt":"2021-01-31T14:56:05","slug":"renzi-arabia-saudita-e-baluardo-contro-estremismo-islamico-saviano-si-ritiri-da-vita-pubblica","status":"publish","type":"post","link":"https:\/\/nugnes.com\/?p=146898","title":{"rendered":"Renzi: \u201cArabia Saudita \u00e8 baluardo contro estremismo islamico\u201d. Saviano: \u201cSi ritiri da vita pubblica\u201d"},"content":{"rendered":"<img src=\"https:\/\/static.fanpage.it\/wp-content\/uploads\/2021\/01\/Schermata-2021-01-31-alle-15.25.30-300x225.jpg\" \/><br \/>Matteo Renzi rivendica la sua presenza alla conferenza in Arabia Saudita: \"Stiamo parlando di uno dei nostri alleati pi\u00f9 importanti: il regime saudita \u00e8 un baluardo contro l'estremismo islamico\". Dura la reazione di Roberto Saviano: \"Renzi \u00e8 ancora pagato dallo Stato italiano per il suo lavoro e il presupposto \u00e8 che lo faccia nel rispetto dei valori costituzionali, dai quali non mi pare sia riconosciuta la possibilit\u00e0 di fare a pezzi gli oppositori politici\".<br \/><a href=\"https:\/\/www.fanpage.it\/politica\/renzi-arabia-saudita-e-baluardo-contro-estremismo-islamico-saviano-si-ritiri-da-vita-pubblica\/\">Continua a leggere<\/a>","protected":false},"excerpt":{"rendered":"<p>Matteo Renzi rivendica la sua presenza alla conferenza in Arabia Saudita: &#8220;Stiamo parlando di uno dei nostri alleati pi\u00f9 importanti: il regime saudita \u00e8 un baluardo contro l&#8217;estremismo islamico&#8221;. Dura la reazione di Roberto Saviano: &#8220;Renzi \u00e8 ancora pag&#8230;<\/p>\n","protected":false},"author":104,"featured_media":0,"comment_status":"closed","ping_status":"closed","sticky":false,"template":"","format":"standard","meta":{"om_disable_all_campaigns":false,"_monsterinsights_skip_tracking":false,"_monsterinsights_sitenote_active":false,"_monsterinsights_sitenote_note":"","_monsterinsights_sitenote_category":0,"footnotes":""},"categories":[748],"tags":[],"class_list":["post-146898","post","type-post","status-publish","format-standard","hentry","category-politica-italiana"],"aioseo_notices":[],"_links":{"self":[{"href":"https:\/\/nugnes.com\/index.php?rest_route=\/wp\/v2\/posts\/146898","targetHints":{"allow":["GET"]}}],"collection":[{"href":"https:\/\/nugnes.com\/index.php?rest_route=\/wp\/v2\/posts"}],"about":[{"href":"https:\/\/nugnes.com\/index.php?rest_route=\/wp\/v2\/types\/post"}],"author":[{"embeddable":true,"href":"https:\/\/nugnes.com\/index.php?rest_route=\/wp\/v2\/users\/104"}],"replies":[{"embeddable":true,"href":"https:\/\/nugnes.com\/index.php?rest_route=%2Fwp%2Fv2%2Fcomments&post=146898"}],"version-history":[{"count":1,"href":"https:\/\/nugnes.com\/index.php?rest_route=\/wp\/v2\/posts\/146898\/revisions"}],"predecessor-version":[{"id":146899,"href":"https:\/\/nugnes.com\/index.php?rest_route=\/wp\/v2\/posts\/146898\/revisions\/146899"}],"wp:attachment":[{"href":"https:\/\/nugnes.com\/index.php?rest_route=%2Fwp%2Fv2%2Fmedia&parent=146898"}],"wp:term":[{"taxonomy":"category","embeddable":true,"href":"https:\/\/nugnes.com\/index.php?rest_route=%2Fwp%2Fv2%2Fcategories&post=146898"},{"taxonomy":"post_tag","embeddable":true,"href":"https:\/\/nugnes.com\/index.php?rest_route=%2Fwp%2Fv2%2Ftags&post=146898"}],"curies":[{"name":"wp","href":"https:\/\/api.w.org\/{rel}","templated":true}]}}