{"id":147102,"date":"2021-02-01T09:41:30","date_gmt":"2021-02-01T09:41:30","guid":{"rendered":"https:\/\/tech.fanpage.it\/?p=226607"},"modified":"2021-02-01T09:41:30","modified_gmt":"2021-02-01T09:41:30","slug":"cerbero-podcast-ha-chiuso-per-sempre-forse","status":"publish","type":"post","link":"https:\/\/nugnes.com\/?p=147102","title":{"rendered":"Cerbero Podcast ha chiuso per sempre (forse)"},"content":{"rendered":"<img src=\"https:\/\/static.fanpage.it\/wp-content\/uploads\/sites\/6\/2021\/02\/cerbero-podcast-638x425.jpg\" \/><br \/>La voce \u00e8 partita inizialmente da Simone Santoro, uno dei fondatori del podcast, che \u00e8 intervenuto nelle sue storie di Instagram annunciando la fine del podcast. La conferma \u00e8 arrivata in contemporanea da un altro dei membri fondatori, ma sulla veridicit\u00e0 di quanto annunciato ci sono ancora dei dubbi.<br \/><a href=\"https:\/\/tech.fanpage.it\/forse-cerbero-podcast-ha-chiuso-per-sempre\/\">Continua a leggere<\/a>","protected":false},"excerpt":{"rendered":"<p>La voce \u00e8 partita inizialmente da Simone Santoro, uno dei fondatori del podcast, che \u00e8 intervenuto nelle sue storie di Instagram annunciando la fine del podcast. La conferma \u00e8 arrivata in contemporanea da un altro dei membri fondatori, ma sulla veridic&#8230;<\/p>\n","protected":false},"author":172,"featured_media":0,"comment_status":"closed","ping_status":"closed","sticky":false,"template":"","format":"standard","meta":{"om_disable_all_campaigns":false,"_monsterinsights_skip_tracking":false,"_monsterinsights_sitenote_active":false,"_monsterinsights_sitenote_note":"","_monsterinsights_sitenote_category":0,"footnotes":""},"categories":[744],"tags":[],"class_list":["post-147102","post","type-post","status-publish","format-standard","hentry","category-news"],"aioseo_notices":[],"_links":{"self":[{"href":"https:\/\/nugnes.com\/index.php?rest_route=\/wp\/v2\/posts\/147102","targetHints":{"allow":["GET"]}}],"collection":[{"href":"https:\/\/nugnes.com\/index.php?rest_route=\/wp\/v2\/posts"}],"about":[{"href":"https:\/\/nugnes.com\/index.php?rest_route=\/wp\/v2\/types\/post"}],"author":[{"embeddable":true,"href":"https:\/\/nugnes.com\/index.php?rest_route=\/wp\/v2\/users\/172"}],"replies":[{"embeddable":true,"href":"https:\/\/nugnes.com\/index.php?rest_route=%2Fwp%2Fv2%2Fcomments&post=147102"}],"version-history":[{"count":1,"href":"https:\/\/nugnes.com\/index.php?rest_route=\/wp\/v2\/posts\/147102\/revisions"}],"predecessor-version":[{"id":147103,"href":"https:\/\/nugnes.com\/index.php?rest_route=\/wp\/v2\/posts\/147102\/revisions\/147103"}],"wp:attachment":[{"href":"https:\/\/nugnes.com\/index.php?rest_route=%2Fwp%2Fv2%2Fmedia&parent=147102"}],"wp:term":[{"taxonomy":"category","embeddable":true,"href":"https:\/\/nugnes.com\/index.php?rest_route=%2Fwp%2Fv2%2Fcategories&post=147102"},{"taxonomy":"post_tag","embeddable":true,"href":"https:\/\/nugnes.com\/index.php?rest_route=%2Fwp%2Fv2%2Ftags&post=147102"}],"curies":[{"name":"wp","href":"https:\/\/api.w.org\/{rel}","templated":true}]}}