{"id":148962,"date":"2021-02-04T12:39:27","date_gmt":"2021-02-04T12:39:27","guid":{"rendered":"https:\/\/www.fanpage.it\/sport\/?p=1380354"},"modified":"2021-02-04T12:39:27","modified_gmt":"2021-02-04T12:39:27","slug":"chiellini-ibrahimovic-e-diventato-il-mio-piu-grande-nemico-da-quando-e-andato-allinter","status":"publish","type":"post","link":"https:\/\/nugnes.com\/?p=148962","title":{"rendered":"Chiellini: \u201cIbrahimovic \u00e8 diventato il mio pi\u00f9 grande nemico da quando \u00e8 andato all\u2019Inter\u201d"},"content":{"rendered":"<img src=\"https:\/\/static.fanpage.it\/wp-content\/uploads\/sites\/27\/2021\/02\/chiellini-ibrahimovic-638x425.jpg\" \/><br \/>Giorgio Chiellini ha raccontato il rapporto di 'odio e amore' (senza esclusione di colpi) con Zlatan Ibrahimovic, ex compagno di squadra nella Juventus che al termine della stagione 2005\/2006 venne travolta dallo scandalo di Calciopoli. \"Non ho mai fatto un passo indietro quando c'era da marcarlo n\u00e9 avuto timore di lui\".<br \/><a href=\"https:\/\/www.fanpage.it\/sport\/calcio\/chiellini-ibrahimovic-e-diventato-il-mio-piu-grande-nemico-da-quando-e-andato-allinter\/\">Continua a leggere<\/a>","protected":false},"excerpt":{"rendered":"<p>Giorgio Chiellini ha raccontato il rapporto di &#8216;odio e amore&#8217; (senza esclusione di colpi) con Zlatan Ibrahimovic, ex compagno di squadra nella Juventus che al termine della stagione 2005\/2006 venne travolta dallo scandalo di Calciopoli. &#8220;Non ho mai fat&#8230;<\/p>\n","protected":false},"author":100,"featured_media":0,"comment_status":"closed","ping_status":"closed","sticky":false,"template":"","format":"standard","meta":{"om_disable_all_campaigns":false,"_monsterinsights_skip_tracking":false,"_monsterinsights_sitenote_active":false,"_monsterinsights_sitenote_note":"","_monsterinsights_sitenote_category":0,"footnotes":""},"categories":[75,150,152,743,344],"tags":[],"class_list":["post-148962","post","type-post","status-publish","format-standard","hentry","category-calcio","category-juventus","category-milan","category-notizie","category-serie-a"],"aioseo_notices":[],"_links":{"self":[{"href":"https:\/\/nugnes.com\/index.php?rest_route=\/wp\/v2\/posts\/148962","targetHints":{"allow":["GET"]}}],"collection":[{"href":"https:\/\/nugnes.com\/index.php?rest_route=\/wp\/v2\/posts"}],"about":[{"href":"https:\/\/nugnes.com\/index.php?rest_route=\/wp\/v2\/types\/post"}],"author":[{"embeddable":true,"href":"https:\/\/nugnes.com\/index.php?rest_route=\/wp\/v2\/users\/100"}],"replies":[{"embeddable":true,"href":"https:\/\/nugnes.com\/index.php?rest_route=%2Fwp%2Fv2%2Fcomments&post=148962"}],"version-history":[{"count":1,"href":"https:\/\/nugnes.com\/index.php?rest_route=\/wp\/v2\/posts\/148962\/revisions"}],"predecessor-version":[{"id":148963,"href":"https:\/\/nugnes.com\/index.php?rest_route=\/wp\/v2\/posts\/148962\/revisions\/148963"}],"wp:attachment":[{"href":"https:\/\/nugnes.com\/index.php?rest_route=%2Fwp%2Fv2%2Fmedia&parent=148962"}],"wp:term":[{"taxonomy":"category","embeddable":true,"href":"https:\/\/nugnes.com\/index.php?rest_route=%2Fwp%2Fv2%2Fcategories&post=148962"},{"taxonomy":"post_tag","embeddable":true,"href":"https:\/\/nugnes.com\/index.php?rest_route=%2Fwp%2Fv2%2Ftags&post=148962"}],"curies":[{"name":"wp","href":"https:\/\/api.w.org\/{rel}","templated":true}]}}