{"id":149220,"date":"2021-02-04T18:47:03","date_gmt":"2021-02-04T18:47:03","guid":{"rendered":"https:\/\/www.fanpage.it\/milano\/?p=64315"},"modified":"2021-02-04T18:47:03","modified_gmt":"2021-02-04T18:47:03","slug":"a-milano-riaprono-le-gallerie-ditalia-il-vicedirettore-la-gente-ha-bisogno-di-bellezza","status":"publish","type":"post","link":"https:\/\/nugnes.com\/?p=149220","title":{"rendered":"A Milano riaprono le Gallerie d\u2019Italia, il vicedirettore: \u201cLa gente ha bisogno di bellezza\u201d"},"content":{"rendered":"<img src=\"https:\/\/static.fanpage.it\/wp-content\/uploads\/sites\/29\/2021\/02\/Schermata-2021-02-04-alle-7-1612463641385-638x425.jpg\" \/><br \/>A Milano riaprono le Gallerie d'Italia: da oggi gioved\u00ec 4 febbraio \u00e8 possibile visitare la mostra su Tiepolo. A Fanpage.it, il vice direttore Giovanni Morale ha spiegato: \"\u00c8 stata una grande gioia, la gente ha bisogno di bellezza\". Per la riapertura sono state seguite tutte le norme previste: distanziamento, contingentamento automatico agli ingressi, misurazione della temperatura.<br \/><a href=\"https:\/\/www.fanpage.it\/milano\/a-milano-riaprono-le-gallerie-ditalia-il-vicedirettore-la-gente-ha-bisogno-di-bellezza\/\">Continua a leggere<\/a>","protected":false},"excerpt":{"rendered":"<p>A Milano riaprono le Gallerie d&#8217;Italia: da oggi gioved\u00ec 4 febbraio \u00e8 possibile visitare la mostra su Tiepolo. A Fanpage.it, il vice direttore Giovanni Morale ha spiegato: &#8220;\u00c8 stata una grande gioia, la gente ha bisogno di bellezza&#8221;. Per la riapertura so&#8230;<\/p>\n","protected":false},"author":208,"featured_media":0,"comment_status":"closed","ping_status":"closed","sticky":false,"template":"","format":"standard","meta":{"om_disable_all_campaigns":false,"_monsterinsights_skip_tracking":false,"_monsterinsights_sitenote_active":false,"_monsterinsights_sitenote_note":"","_monsterinsights_sitenote_category":0,"footnotes":""},"categories":[745,10,1139],"tags":[],"class_list":["post-149220","post","type-post","status-publish","format-standard","hentry","category-attualita","category-cronaca","category-eventi-e-turismo"],"aioseo_notices":[],"_links":{"self":[{"href":"https:\/\/nugnes.com\/index.php?rest_route=\/wp\/v2\/posts\/149220","targetHints":{"allow":["GET"]}}],"collection":[{"href":"https:\/\/nugnes.com\/index.php?rest_route=\/wp\/v2\/posts"}],"about":[{"href":"https:\/\/nugnes.com\/index.php?rest_route=\/wp\/v2\/types\/post"}],"author":[{"embeddable":true,"href":"https:\/\/nugnes.com\/index.php?rest_route=\/wp\/v2\/users\/208"}],"replies":[{"embeddable":true,"href":"https:\/\/nugnes.com\/index.php?rest_route=%2Fwp%2Fv2%2Fcomments&post=149220"}],"version-history":[{"count":1,"href":"https:\/\/nugnes.com\/index.php?rest_route=\/wp\/v2\/posts\/149220\/revisions"}],"predecessor-version":[{"id":149221,"href":"https:\/\/nugnes.com\/index.php?rest_route=\/wp\/v2\/posts\/149220\/revisions\/149221"}],"wp:attachment":[{"href":"https:\/\/nugnes.com\/index.php?rest_route=%2Fwp%2Fv2%2Fmedia&parent=149220"}],"wp:term":[{"taxonomy":"category","embeddable":true,"href":"https:\/\/nugnes.com\/index.php?rest_route=%2Fwp%2Fv2%2Fcategories&post=149220"},{"taxonomy":"post_tag","embeddable":true,"href":"https:\/\/nugnes.com\/index.php?rest_route=%2Fwp%2Fv2%2Ftags&post=149220"}],"curies":[{"name":"wp","href":"https:\/\/api.w.org\/{rel}","templated":true}]}}