{"id":149226,"date":"2021-02-04T18:29:21","date_gmt":"2021-02-04T18:29:21","guid":{"rendered":"https:\/\/www.fanpage.it\/sport\/?p=1380620"},"modified":"2021-02-04T18:29:21","modified_gmt":"2021-02-04T18:29:21","slug":"napoli-fabian-ruiz-guarito-dal-covid-dopo-21-giorni","status":"publish","type":"post","link":"https:\/\/nugnes.com\/?p=149226","title":{"rendered":"Napoli, Fabian Ruiz guarito dal Covid dopo 21 giorni"},"content":{"rendered":"<img src=\"https:\/\/static.fanpage.it\/wp-content\/uploads\/sites\/27\/2021\/01\/fabian-ruiz-positivo-638x425.jpeg\" \/><br \/>Erano 21 giorni che Fabian Ruiz continuava ad essere positivo ai controlli anti Covid. Oggi, finalmente, \u00e8 arrivata la tanto attesa negativit\u00e0. Ad annunciarlo in una nota ufficiale la societ\u00e0 partenopea. Si era ammalato prima della partita di Supercoppa contro la Juventus. Gattuso valuter\u00e0 il rientro e l'eventuale convocazione.<br \/><a href=\"https:\/\/www.fanpage.it\/sport\/calcio\/napoli-fabian-ruiz-guarito-dal-covid-dopo-21-giorni\/\">Continua a leggere<\/a>","protected":false},"excerpt":{"rendered":"<p>Erano 21 giorni che Fabian Ruiz continuava ad essere positivo ai controlli anti Covid. Oggi, finalmente, \u00e8 arrivata la tanto attesa negativit\u00e0. Ad annunciarlo in una nota ufficiale la societ\u00e0 partenopea. Si era ammalato prima della partita di Supercopp&#8230;<\/p>\n","protected":false},"author":81,"featured_media":0,"comment_status":"closed","ping_status":"closed","sticky":false,"template":"","format":"standard","meta":{"om_disable_all_campaigns":false,"_monsterinsights_skip_tracking":false,"_monsterinsights_sitenote_active":false,"_monsterinsights_sitenote_note":"","_monsterinsights_sitenote_category":0,"footnotes":""},"categories":[75],"tags":[],"class_list":["post-149226","post","type-post","status-publish","format-standard","hentry","category-calcio"],"aioseo_notices":[],"_links":{"self":[{"href":"https:\/\/nugnes.com\/index.php?rest_route=\/wp\/v2\/posts\/149226","targetHints":{"allow":["GET"]}}],"collection":[{"href":"https:\/\/nugnes.com\/index.php?rest_route=\/wp\/v2\/posts"}],"about":[{"href":"https:\/\/nugnes.com\/index.php?rest_route=\/wp\/v2\/types\/post"}],"author":[{"embeddable":true,"href":"https:\/\/nugnes.com\/index.php?rest_route=\/wp\/v2\/users\/81"}],"replies":[{"embeddable":true,"href":"https:\/\/nugnes.com\/index.php?rest_route=%2Fwp%2Fv2%2Fcomments&post=149226"}],"version-history":[{"count":1,"href":"https:\/\/nugnes.com\/index.php?rest_route=\/wp\/v2\/posts\/149226\/revisions"}],"predecessor-version":[{"id":149227,"href":"https:\/\/nugnes.com\/index.php?rest_route=\/wp\/v2\/posts\/149226\/revisions\/149227"}],"wp:attachment":[{"href":"https:\/\/nugnes.com\/index.php?rest_route=%2Fwp%2Fv2%2Fmedia&parent=149226"}],"wp:term":[{"taxonomy":"category","embeddable":true,"href":"https:\/\/nugnes.com\/index.php?rest_route=%2Fwp%2Fv2%2Fcategories&post=149226"},{"taxonomy":"post_tag","embeddable":true,"href":"https:\/\/nugnes.com\/index.php?rest_route=%2Fwp%2Fv2%2Ftags&post=149226"}],"curies":[{"name":"wp","href":"https:\/\/api.w.org\/{rel}","templated":true}]}}