{"id":149230,"date":"2021-02-04T18:27:06","date_gmt":"2021-02-04T18:27:06","guid":{"rendered":"https:\/\/www.fanpage.it\/sport\/?p=1380596"},"modified":"2021-02-04T18:27:06","modified_gmt":"2021-02-04T18:27:06","slug":"prandelli-con-il-dubbio-ribery-in-vista-di-fiorentina-inter-non-sta-bene","status":"publish","type":"post","link":"https:\/\/nugnes.com\/?p=149230","title":{"rendered":"Prandelli con il dubbio Ribery in vista di Fiorentina-Inter: \u201cNon sta bene\u201d"},"content":{"rendered":"<img src=\"https:\/\/static.fanpage.it\/wp-content\/uploads\/sites\/27\/2021\/02\/Schermata-2021-02-04-alle-19-1612463186882-638x425.jpg\" \/><br \/>Cesare Prandelli ha parlato alla vigilia di Fiorentina-Inter, gara in programma domani alle 20:45 e valida per la 21a giornata di Serie A. Il tecnico della viola ha annunciato soprattutto che Franck Ribery \u00e8 in forte dubbio a causa di un fastidio. Il francese sar\u00e0 valutato domani. E cos\u00ec l'allenatore studia le alternative con Kouam\u00e8 e Callejon che potrebbero giocarsi un posto al fianco di Vlahovic.<br \/><a href=\"https:\/\/www.fanpage.it\/sport\/calcio\/prandelli-con-il-dubbio-ribery-in-vista-di-fiorentina-inter-non-sta-bene\/\">Continua a leggere<\/a>","protected":false},"excerpt":{"rendered":"<p>Cesare Prandelli ha parlato alla vigilia di Fiorentina-Inter, gara in programma domani alle 20:45 e valida per la 21a giornata di Serie A. Il tecnico della viola ha annunciato soprattutto che Franck Ribery \u00e8 in forte dubbio a causa di un fastidio. Il f&#8230;<\/p>\n","protected":false},"author":191,"featured_media":0,"comment_status":"closed","ping_status":"closed","sticky":false,"template":"","format":"standard","meta":{"om_disable_all_campaigns":false,"_monsterinsights_skip_tracking":false,"_monsterinsights_sitenote_active":false,"_monsterinsights_sitenote_note":"","_monsterinsights_sitenote_category":0,"footnotes":""},"categories":[75,929,743,344],"tags":[],"class_list":["post-149230","post","type-post","status-publish","format-standard","hentry","category-calcio","category-fiorentina","category-notizie","category-serie-a"],"aioseo_notices":[],"_links":{"self":[{"href":"https:\/\/nugnes.com\/index.php?rest_route=\/wp\/v2\/posts\/149230","targetHints":{"allow":["GET"]}}],"collection":[{"href":"https:\/\/nugnes.com\/index.php?rest_route=\/wp\/v2\/posts"}],"about":[{"href":"https:\/\/nugnes.com\/index.php?rest_route=\/wp\/v2\/types\/post"}],"author":[{"embeddable":true,"href":"https:\/\/nugnes.com\/index.php?rest_route=\/wp\/v2\/users\/191"}],"replies":[{"embeddable":true,"href":"https:\/\/nugnes.com\/index.php?rest_route=%2Fwp%2Fv2%2Fcomments&post=149230"}],"version-history":[{"count":1,"href":"https:\/\/nugnes.com\/index.php?rest_route=\/wp\/v2\/posts\/149230\/revisions"}],"predecessor-version":[{"id":149231,"href":"https:\/\/nugnes.com\/index.php?rest_route=\/wp\/v2\/posts\/149230\/revisions\/149231"}],"wp:attachment":[{"href":"https:\/\/nugnes.com\/index.php?rest_route=%2Fwp%2Fv2%2Fmedia&parent=149230"}],"wp:term":[{"taxonomy":"category","embeddable":true,"href":"https:\/\/nugnes.com\/index.php?rest_route=%2Fwp%2Fv2%2Fcategories&post=149230"},{"taxonomy":"post_tag","embeddable":true,"href":"https:\/\/nugnes.com\/index.php?rest_route=%2Fwp%2Fv2%2Ftags&post=149230"}],"curies":[{"name":"wp","href":"https:\/\/api.w.org\/{rel}","templated":true}]}}