{"id":15045,"date":"2020-05-15T08:57:45","date_gmt":"2020-05-15T08:57:45","guid":{"rendered":"https:\/\/roma.fanpage.it\/?p=659017"},"modified":"2020-05-15T08:57:45","modified_gmt":"2020-05-15T08:57:45","slug":"lazio-da-lunedi-18-maggio-riaprono-anche-centri-sportivi-allaperto-e-centri-commerciali","status":"publish","type":"post","link":"https:\/\/nugnes.com\/?p=15045","title":{"rendered":"Lazio, da luned\u00ec 18 maggio riaprono anche centri sportivi all\u2019aperto e centri commerciali"},"content":{"rendered":"<img src=\"https:\/\/static.fanpage.it\/wp-content\/uploads\/sites\/2\/2019\/10\/centro-commerciale-le-sorgenti-300x225.jpg\" \/><br \/>Nel Lazio da\u00a0luned\u00ec 18 maggio riapriranno anche i centri commerciali e i centri sportivi all'aperto. Nelle prossime ore il governo varer\u00e0 un decreto legge per conferire alle regioni il potere di scegliere quali attivit\u00e0 riaprire. La Regione Lazio, poi, varer\u00e0 un'ordinanza che permetter\u00e0 le riaperture dal 18 maggio.<br \/><a href=\"https:\/\/roma.fanpage.it\/lazio-da-lunedi-18-maggio-riaprono-anche-centri-sportivi-allaperto-e-centri-commerciali\/\">Continua a leggere<\/a>","protected":false},"excerpt":{"rendered":"<p>Nel Lazio da\u00a0luned\u00ec 18 maggio riapriranno anche i centri commerciali e i centri sportivi all&#8217;aperto. Nelle prossime ore il governo varer\u00e0 un decreto legge per conferire alle regioni il potere di scegliere quali attivit\u00e0 riaprire. La Regione Lazio, poi,&#8230;<\/p>\n","protected":false},"author":85,"featured_media":0,"comment_status":"closed","ping_status":"closed","sticky":false,"template":"","format":"standard","meta":{"om_disable_all_campaigns":false,"_monsterinsights_skip_tracking":false,"_monsterinsights_sitenote_active":false,"_monsterinsights_sitenote_note":"","_monsterinsights_sitenote_category":0,"footnotes":""},"categories":[749,77,742],"tags":[],"class_list":["post-15045","post","type-post","status-publish","format-standard","hentry","category-cronaca-roma","category-roma","category-ultime-notizie"],"aioseo_notices":[],"_links":{"self":[{"href":"https:\/\/nugnes.com\/index.php?rest_route=\/wp\/v2\/posts\/15045","targetHints":{"allow":["GET"]}}],"collection":[{"href":"https:\/\/nugnes.com\/index.php?rest_route=\/wp\/v2\/posts"}],"about":[{"href":"https:\/\/nugnes.com\/index.php?rest_route=\/wp\/v2\/types\/post"}],"author":[{"embeddable":true,"href":"https:\/\/nugnes.com\/index.php?rest_route=\/wp\/v2\/users\/85"}],"replies":[{"embeddable":true,"href":"https:\/\/nugnes.com\/index.php?rest_route=%2Fwp%2Fv2%2Fcomments&post=15045"}],"version-history":[{"count":1,"href":"https:\/\/nugnes.com\/index.php?rest_route=\/wp\/v2\/posts\/15045\/revisions"}],"predecessor-version":[{"id":15046,"href":"https:\/\/nugnes.com\/index.php?rest_route=\/wp\/v2\/posts\/15045\/revisions\/15046"}],"wp:attachment":[{"href":"https:\/\/nugnes.com\/index.php?rest_route=%2Fwp%2Fv2%2Fmedia&parent=15045"}],"wp:term":[{"taxonomy":"category","embeddable":true,"href":"https:\/\/nugnes.com\/index.php?rest_route=%2Fwp%2Fv2%2Fcategories&post=15045"},{"taxonomy":"post_tag","embeddable":true,"href":"https:\/\/nugnes.com\/index.php?rest_route=%2Fwp%2Fv2%2Ftags&post=15045"}],"curies":[{"name":"wp","href":"https:\/\/api.w.org\/{rel}","templated":true}]}}