{"id":15315,"date":"2020-05-15T15:21:53","date_gmt":"2020-05-15T15:21:53","guid":{"rendered":"https:\/\/www.fanpage.it\/sport\/?p=1220335"},"modified":"2020-05-15T15:21:53","modified_gmt":"2020-05-15T15:21:53","slug":"werder-calciatore-con-parente-positivo-finisce-in-quarantena-ma-la-squadra-giochera","status":"publish","type":"post","link":"https:\/\/nugnes.com\/?p=15315","title":{"rendered":"Werder, calciatore con parente positivo finisce in quarantena ma la squadra giocher\u00e0"},"content":{"rendered":"<img src=\"https:\/\/static.fanpage.it\/wp-content\/uploads\/sites\/27\/2020\/05\/Schermata-2020-05-15-alle-17.13.34-638x425.jpg\" \/><br \/>Un calciatore del Werder Brema \u00e8 finito in quarantena dopo che un suo parente \u00e8 risultato positivo al Covid. Il giocatore sar\u00e0 dunque costretto a saltare la sfida in programma luned\u00ec sera contro il Bayer Leverkusen, valida per la ripresa della Bundesliga. I suoi compagni invece scenderanno in campo regolarmente.<br \/><a href=\"https:\/\/www.fanpage.it\/sport\/attualita\/werder-calciatore-con-parente-positivo-finisce-in-quarantena-ma-la-squadra-giochera\/\">Continua a leggere<\/a>","protected":false},"excerpt":{"rendered":"<p>Un calciatore del Werder Brema \u00e8 finito in quarantena dopo che un suo parente \u00e8 risultato positivo al Covid. Il giocatore sar\u00e0 dunque costretto a saltare la sfida in programma luned\u00ec sera contro il Bayer Leverkusen, valida per la ripresa della Bundesli&#8230;<\/p>\n","protected":false},"author":109,"featured_media":0,"comment_status":"closed","ping_status":"closed","sticky":false,"template":"","format":"standard","meta":{"om_disable_all_campaigns":false,"_monsterinsights_skip_tracking":false,"_monsterinsights_sitenote_active":false,"_monsterinsights_sitenote_note":"","_monsterinsights_sitenote_category":0,"footnotes":""},"categories":[75],"tags":[],"class_list":["post-15315","post","type-post","status-publish","format-standard","hentry","category-calcio"],"aioseo_notices":[],"_links":{"self":[{"href":"https:\/\/nugnes.com\/index.php?rest_route=\/wp\/v2\/posts\/15315","targetHints":{"allow":["GET"]}}],"collection":[{"href":"https:\/\/nugnes.com\/index.php?rest_route=\/wp\/v2\/posts"}],"about":[{"href":"https:\/\/nugnes.com\/index.php?rest_route=\/wp\/v2\/types\/post"}],"author":[{"embeddable":true,"href":"https:\/\/nugnes.com\/index.php?rest_route=\/wp\/v2\/users\/109"}],"replies":[{"embeddable":true,"href":"https:\/\/nugnes.com\/index.php?rest_route=%2Fwp%2Fv2%2Fcomments&post=15315"}],"version-history":[{"count":1,"href":"https:\/\/nugnes.com\/index.php?rest_route=\/wp\/v2\/posts\/15315\/revisions"}],"predecessor-version":[{"id":15317,"href":"https:\/\/nugnes.com\/index.php?rest_route=\/wp\/v2\/posts\/15315\/revisions\/15317"}],"wp:attachment":[{"href":"https:\/\/nugnes.com\/index.php?rest_route=%2Fwp%2Fv2%2Fmedia&parent=15315"}],"wp:term":[{"taxonomy":"category","embeddable":true,"href":"https:\/\/nugnes.com\/index.php?rest_route=%2Fwp%2Fv2%2Fcategories&post=15315"},{"taxonomy":"post_tag","embeddable":true,"href":"https:\/\/nugnes.com\/index.php?rest_route=%2Fwp%2Fv2%2Ftags&post=15315"}],"curies":[{"name":"wp","href":"https:\/\/api.w.org\/{rel}","templated":true}]}}