{"id":159943,"date":"2021-02-25T18:13:58","date_gmt":"2021-02-25T18:13:58","guid":{"rendered":"https:\/\/www.fanpage.it\/sport\/?p=1393985"},"modified":"2021-02-25T18:13:58","modified_gmt":"2021-02-25T18:13:58","slug":"john-elkann-suona-la-carica-in-ferrari-per-il-mondiale-2021-di-formula-1-serve-voglia-di-vincere","status":"publish","type":"post","link":"https:\/\/nugnes.com\/?p=159943","title":{"rendered":"John Elkann suona la carica in Ferrari per il Mondiale 2021 di Formula 1: \u201cServe voglia di vincere\u201d"},"content":{"rendered":"<img src=\"https:\/\/static.fanpage.it\/wp-content\/uploads\/sites\/27\/2021\/02\/Elkann-Ferrari-f1-2021-incontro-scuderia-638x425.jpg\" \/><br \/>Il presidente e attuale amministratore delegato ad interim della Ferrari John Elkann suona la carica agli uomini del Cavallino in vista del Mondiale 2021 di Formula 1. Il numero uno della scuderia prima della presentazione del team ha incontrato il team principal Mattia Binotto, i piloti Charles Leclerc e Carlos Sainz, e tutti gli ingegneri e i meccanici che faranno parte della squadra corse della prossima stagione fissando l'obiettivo principale: \"La cosa pi\u00f9 importante di questa stagione sar\u00e0 dimostrare la nostra volont\u00e0 di vincere\".<br \/><a href=\"https:\/\/www.fanpage.it\/sport\/motori\/john-elkann-suona-la-carica-in-ferrari-per-il-mondiale-2021-di-formula-1-serve-voglia-di-vincere\/\">Continua a leggere<\/a>","protected":false},"excerpt":{"rendered":"<p>Il presidente e attuale amministratore delegato ad interim della Ferrari John Elkann suona la carica agli uomini del Cavallino in vista del Mondiale 2021 di Formula 1. Il numero uno della scuderia prima della presentazione del team ha incontrato il tea&#8230;<\/p>\n","protected":false},"author":178,"featured_media":0,"comment_status":"closed","ping_status":"closed","sticky":false,"template":"","format":"standard","meta":{"om_disable_all_campaigns":false,"_monsterinsights_skip_tracking":false,"_monsterinsights_sitenote_active":false,"_monsterinsights_sitenote_note":"","_monsterinsights_sitenote_category":0,"footnotes":""},"categories":[530,318,743],"tags":[],"class_list":["post-159943","post","type-post","status-publish","format-standard","hentry","category-formula-1","category-motori","category-notizie"],"aioseo_notices":[],"_links":{"self":[{"href":"https:\/\/nugnes.com\/index.php?rest_route=\/wp\/v2\/posts\/159943","targetHints":{"allow":["GET"]}}],"collection":[{"href":"https:\/\/nugnes.com\/index.php?rest_route=\/wp\/v2\/posts"}],"about":[{"href":"https:\/\/nugnes.com\/index.php?rest_route=\/wp\/v2\/types\/post"}],"author":[{"embeddable":true,"href":"https:\/\/nugnes.com\/index.php?rest_route=\/wp\/v2\/users\/178"}],"replies":[{"embeddable":true,"href":"https:\/\/nugnes.com\/index.php?rest_route=%2Fwp%2Fv2%2Fcomments&post=159943"}],"version-history":[{"count":1,"href":"https:\/\/nugnes.com\/index.php?rest_route=\/wp\/v2\/posts\/159943\/revisions"}],"predecessor-version":[{"id":159944,"href":"https:\/\/nugnes.com\/index.php?rest_route=\/wp\/v2\/posts\/159943\/revisions\/159944"}],"wp:attachment":[{"href":"https:\/\/nugnes.com\/index.php?rest_route=%2Fwp%2Fv2%2Fmedia&parent=159943"}],"wp:term":[{"taxonomy":"category","embeddable":true,"href":"https:\/\/nugnes.com\/index.php?rest_route=%2Fwp%2Fv2%2Fcategories&post=159943"},{"taxonomy":"post_tag","embeddable":true,"href":"https:\/\/nugnes.com\/index.php?rest_route=%2Fwp%2Fv2%2Ftags&post=159943"}],"curies":[{"name":"wp","href":"https:\/\/api.w.org\/{rel}","templated":true}]}}