{"id":159999,"date":"2021-02-25T18:50:37","date_gmt":"2021-02-25T18:50:37","guid":{"rendered":"https:\/\/www.fanpage.it\/?p=1387944"},"modified":"2021-02-25T18:50:37","modified_gmt":"2021-02-25T18:50:37","slug":"bimba-di-11-anni-positiva-al-covid-intubata-in-rianimazione-a-bologna-non-ha-altre-patologie","status":"publish","type":"post","link":"https:\/\/nugnes.com\/?p=159999","title":{"rendered":"Bimba di 11 anni positiva al Covid intubata in rianimazione a Bologna: non ha altre patologie"},"content":{"rendered":"<img src=\"https:\/\/static.fanpage.it\/wp-content\/uploads\/2020\/11\/infermiera-terapia-intensiva-638x425.jpg\" \/><br \/>Una bambina di soli 11 anni, studentessa di una scuola media della provincia di Bologna, non affetta da patologie pregresse, \u00e8 ricoverata in rianimazione all'ospedale Sant'Orsola dove \u00e8 stata anche intubata a causa dell'infezione da Covid-19. Secondo la Regione Emilia Romagna, c'\u00e8 stato un aumento del 23% dei contagi tra i ragazzi in et\u00e0 scolare nelle ultime due settimane.<br \/><a href=\"https:\/\/www.fanpage.it\/attualita\/bimba-di-11-anni-positiva-al-covid-intubata-in-rianimazione-a-bologna-non-ha-altre-patologie\/\">Continua a leggere<\/a>","protected":false},"excerpt":{"rendered":"<p>Una bambina di soli 11 anni, studentessa di una scuola media della provincia di Bologna, non affetta da patologie pregresse, \u00e8 ricoverata in rianimazione all&#8217;ospedale Sant&#8217;Orsola dove \u00e8 stata anche intubata a causa dell&#8217;infezione da Covid-19. Secondo l&#8230;<\/p>\n","protected":false},"author":102,"featured_media":0,"comment_status":"closed","ping_status":"closed","sticky":false,"template":"","format":"standard","meta":{"om_disable_all_campaigns":false,"_monsterinsights_skip_tracking":false,"_monsterinsights_sitenote_active":false,"_monsterinsights_sitenote_note":"","_monsterinsights_sitenote_category":0,"footnotes":""},"categories":[745],"tags":[],"class_list":["post-159999","post","type-post","status-publish","format-standard","hentry","category-attualita"],"aioseo_notices":[],"_links":{"self":[{"href":"https:\/\/nugnes.com\/index.php?rest_route=\/wp\/v2\/posts\/159999","targetHints":{"allow":["GET"]}}],"collection":[{"href":"https:\/\/nugnes.com\/index.php?rest_route=\/wp\/v2\/posts"}],"about":[{"href":"https:\/\/nugnes.com\/index.php?rest_route=\/wp\/v2\/types\/post"}],"author":[{"embeddable":true,"href":"https:\/\/nugnes.com\/index.php?rest_route=\/wp\/v2\/users\/102"}],"replies":[{"embeddable":true,"href":"https:\/\/nugnes.com\/index.php?rest_route=%2Fwp%2Fv2%2Fcomments&post=159999"}],"version-history":[{"count":1,"href":"https:\/\/nugnes.com\/index.php?rest_route=\/wp\/v2\/posts\/159999\/revisions"}],"predecessor-version":[{"id":160000,"href":"https:\/\/nugnes.com\/index.php?rest_route=\/wp\/v2\/posts\/159999\/revisions\/160000"}],"wp:attachment":[{"href":"https:\/\/nugnes.com\/index.php?rest_route=%2Fwp%2Fv2%2Fmedia&parent=159999"}],"wp:term":[{"taxonomy":"category","embeddable":true,"href":"https:\/\/nugnes.com\/index.php?rest_route=%2Fwp%2Fv2%2Fcategories&post=159999"},{"taxonomy":"post_tag","embeddable":true,"href":"https:\/\/nugnes.com\/index.php?rest_route=%2Fwp%2Fv2%2Ftags&post=159999"}],"curies":[{"name":"wp","href":"https:\/\/api.w.org\/{rel}","templated":true}]}}