{"id":160005,"date":"2021-02-25T18:47:34","date_gmt":"2021-02-25T18:47:34","guid":{"rendered":"https:\/\/tv.fanpage.it\/?p=381788"},"modified":"2021-02-25T18:47:34","modified_gmt":"2021-02-25T18:47:34","slug":"torna-un-passo-dal-cielo-ma-cambia-titolo-il-nuovo-nome-della-fiction-con-daniele-liotti","status":"publish","type":"post","link":"https:\/\/nugnes.com\/?p=160005","title":{"rendered":"Torna Un Passo dal Cielo ma cambia titolo, il nuovo nome della fiction con Daniele Liotti"},"content":{"rendered":"<img src=\"https:\/\/static.fanpage.it\/wp-content\/uploads\/sites\/16\/2020\/05\/un-passo-dal-cielo-6.jpg\" \/><br \/>Arriver\u00e0 ad aprile su Rai1 la sesta stagione della fiction con Daniele Liotti, che tuttavia cambier\u00e0 titolo: non pi\u00f9 \"Un Passo dal Cielo\" ma \"I guardiani del cielo\". Alla base della decisione c'\u00e8 soprattutto il cambio di location, dal Trentino Alto Adige al Veneto. Cambia anche la trama, con il protagonista che non sar\u00e0 pi\u00f9 un forestale ma un civile che si batte per la salvaguardia del territorio.<br \/><a href=\"https:\/\/tv.fanpage.it\/i-guardiani-del-cielo-un-passo-dal-cielo-nuovo-titolo\/\">Continua a leggere<\/a>","protected":false},"excerpt":{"rendered":"<p>Arriver\u00e0 ad aprile su Rai1 la sesta stagione della fiction con Daniele Liotti, che tuttavia cambier\u00e0 titolo: non pi\u00f9 &#8220;Un Passo dal Cielo&#8221; ma &#8220;I guardiani del cielo&#8221;. Alla base della decisione c&#8217;\u00e8 soprattutto il cambio di location, dal Trentino Alto Adi&#8230;<\/p>\n","protected":false},"author":129,"featured_media":0,"comment_status":"closed","ping_status":"closed","sticky":false,"template":"","format":"standard","meta":{"om_disable_all_campaigns":false,"_monsterinsights_skip_tracking":false,"_monsterinsights_sitenote_active":false,"_monsterinsights_sitenote_note":"","_monsterinsights_sitenote_category":0,"footnotes":""},"categories":[744],"tags":[],"class_list":["post-160005","post","type-post","status-publish","format-standard","hentry","category-news"],"aioseo_notices":[],"_links":{"self":[{"href":"https:\/\/nugnes.com\/index.php?rest_route=\/wp\/v2\/posts\/160005","targetHints":{"allow":["GET"]}}],"collection":[{"href":"https:\/\/nugnes.com\/index.php?rest_route=\/wp\/v2\/posts"}],"about":[{"href":"https:\/\/nugnes.com\/index.php?rest_route=\/wp\/v2\/types\/post"}],"author":[{"embeddable":true,"href":"https:\/\/nugnes.com\/index.php?rest_route=\/wp\/v2\/users\/129"}],"replies":[{"embeddable":true,"href":"https:\/\/nugnes.com\/index.php?rest_route=%2Fwp%2Fv2%2Fcomments&post=160005"}],"version-history":[{"count":1,"href":"https:\/\/nugnes.com\/index.php?rest_route=\/wp\/v2\/posts\/160005\/revisions"}],"predecessor-version":[{"id":160006,"href":"https:\/\/nugnes.com\/index.php?rest_route=\/wp\/v2\/posts\/160005\/revisions\/160006"}],"wp:attachment":[{"href":"https:\/\/nugnes.com\/index.php?rest_route=%2Fwp%2Fv2%2Fmedia&parent=160005"}],"wp:term":[{"taxonomy":"category","embeddable":true,"href":"https:\/\/nugnes.com\/index.php?rest_route=%2Fwp%2Fv2%2Fcategories&post=160005"},{"taxonomy":"post_tag","embeddable":true,"href":"https:\/\/nugnes.com\/index.php?rest_route=%2Fwp%2Fv2%2Ftags&post=160005"}],"curies":[{"name":"wp","href":"https:\/\/api.w.org\/{rel}","templated":true}]}}