{"id":160007,"date":"2021-02-25T18:46:57","date_gmt":"2021-02-25T18:46:57","guid":{"rendered":"https:\/\/www.fanpage.it\/?p=1387938"},"modified":"2021-02-25T18:46:57","modified_gmt":"2021-02-25T18:46:57","slug":"bonetti-bellanova-e-scalfarotto-tornano-al-governo-le-dimissioni-dal-conte-bis-un-mese-e-mezzo-fa","status":"publish","type":"post","link":"https:\/\/nugnes.com\/?p=160007","title":{"rendered":"Bonetti, Bellanova e Scalfarotto tornano al governo: le dimissioni dal Conte bis un mese e mezzo fa"},"content":{"rendered":"<img src=\"https:\/\/static.fanpage.it\/wp-content\/uploads\/2021\/02\/scalfarotto-bellanova-bonetti-300x225.jpg\" \/><br \/>I tre dimissionari del governo Conte bis, i renziani Teresa Bellanova, Elena Bonetti e Ivan Scalfarotto, tornano con ruoli pi\u00f9 o meno diversi nel nuovo esecutivo guidato da Mario Draghi. Bonetti \u00e8 stata confermata diversi giorni fa come ministra della Famiglia, mentre ieri \u00e8 arrivata l'ufficialit\u00e0 anche per gli altri due: Bellanova \u00e8 viceministra ai Trasporti, Scalfarotto \u00e8 sottosegretario all'Interno.<br \/><a href=\"https:\/\/www.fanpage.it\/politica\/bonetti-bellanova-e-scalfarotto-tornano-al-governo-le-dimissioni-dal-conte-bis-un-mese-e-mezzo-fa\/\">Continua a leggere<\/a>","protected":false},"excerpt":{"rendered":"<p>I tre dimissionari del governo Conte bis, i renziani Teresa Bellanova, Elena Bonetti e Ivan Scalfarotto, tornano con ruoli pi\u00f9 o meno diversi nel nuovo esecutivo guidato da Mario Draghi. Bonetti \u00e8 stata confermata diversi giorni fa come ministra della &#8230;<\/p>\n","protected":false},"author":187,"featured_media":0,"comment_status":"closed","ping_status":"closed","sticky":false,"template":"","format":"standard","meta":{"om_disable_all_campaigns":false,"_monsterinsights_skip_tracking":false,"_monsterinsights_sitenote_active":false,"_monsterinsights_sitenote_note":"","_monsterinsights_sitenote_category":0,"footnotes":""},"categories":[748],"tags":[],"class_list":["post-160007","post","type-post","status-publish","format-standard","hentry","category-politica-italiana"],"aioseo_notices":[],"_links":{"self":[{"href":"https:\/\/nugnes.com\/index.php?rest_route=\/wp\/v2\/posts\/160007","targetHints":{"allow":["GET"]}}],"collection":[{"href":"https:\/\/nugnes.com\/index.php?rest_route=\/wp\/v2\/posts"}],"about":[{"href":"https:\/\/nugnes.com\/index.php?rest_route=\/wp\/v2\/types\/post"}],"author":[{"embeddable":true,"href":"https:\/\/nugnes.com\/index.php?rest_route=\/wp\/v2\/users\/187"}],"replies":[{"embeddable":true,"href":"https:\/\/nugnes.com\/index.php?rest_route=%2Fwp%2Fv2%2Fcomments&post=160007"}],"version-history":[{"count":1,"href":"https:\/\/nugnes.com\/index.php?rest_route=\/wp\/v2\/posts\/160007\/revisions"}],"predecessor-version":[{"id":160008,"href":"https:\/\/nugnes.com\/index.php?rest_route=\/wp\/v2\/posts\/160007\/revisions\/160008"}],"wp:attachment":[{"href":"https:\/\/nugnes.com\/index.php?rest_route=%2Fwp%2Fv2%2Fmedia&parent=160007"}],"wp:term":[{"taxonomy":"category","embeddable":true,"href":"https:\/\/nugnes.com\/index.php?rest_route=%2Fwp%2Fv2%2Fcategories&post=160007"},{"taxonomy":"post_tag","embeddable":true,"href":"https:\/\/nugnes.com\/index.php?rest_route=%2Fwp%2Fv2%2Ftags&post=160007"}],"curies":[{"name":"wp","href":"https:\/\/api.w.org\/{rel}","templated":true}]}}