{"id":163353,"date":"2021-03-04T12:08:04","date_gmt":"2021-03-04T12:08:04","guid":{"rendered":"https:\/\/tv.fanpage.it\/?p=383850"},"modified":"2021-03-04T12:08:04","modified_gmt":"2021-03-04T12:08:04","slug":"amadeus-sugli-ascolti-di-sanremo-volevo-il-pubblico-ed-ero-capriccioso-dicevo-una-cosa-ovvia","status":"publish","type":"post","link":"https:\/\/nugnes.com\/?p=163353","title":{"rendered":"Amadeus sugli ascolti di Sanremo: \u201cVolevo il pubblico ed ero capriccioso, dicevo una cosa ovvia\u201d"},"content":{"rendered":"<img src=\"https:\/\/static.fanpage.it\/wp-content\/uploads\/sites\/16\/2021\/03\/12525719_medium-638x425.jpg\" \/><br \/>In prossimit\u00e0 della terza serata del Festival di Sanremo, il direttore di Rai1, Stefano Coletta, insieme ad Amadeus hanno commentato l'esito in termini di ascolti della seconda serata della kermesse. Il conduttore artistico ha dichiarato: \"Non c'\u00e8 pi\u00f9 l'evento Sanremo, perch\u00e9 tutta la macchina che lo creava ci \u00e8 stata tolta. Per questo sono felice di questi ascolti\".<br \/><a href=\"https:\/\/tv.fanpage.it\/amadeus-sugli-ascolti-di-sanremo-volevo-il-pubblico-e-passavo-per-capriccioso-dicevo-una-cosa-ovvia\/\">Continua a leggere<\/a>","protected":false},"excerpt":{"rendered":"<p>In prossimit\u00e0 della terza serata del Festival di Sanremo, il direttore di Rai1, Stefano Coletta, insieme ad Amadeus hanno commentato l&#8217;esito in termini di ascolti della seconda serata della kermesse. Il conduttore artistico ha dichiarato: &#8220;Non c&#8217;\u00e8 pi\u00f9 &#8230;<\/p>\n","protected":false},"author":103,"featured_media":0,"comment_status":"closed","ping_status":"closed","sticky":false,"template":"","format":"standard","meta":{"om_disable_all_campaigns":false,"_monsterinsights_skip_tracking":false,"_monsterinsights_sitenote_active":false,"_monsterinsights_sitenote_note":"","_monsterinsights_sitenote_category":0,"footnotes":""},"categories":[744],"tags":[],"class_list":["post-163353","post","type-post","status-publish","format-standard","hentry","category-news"],"aioseo_notices":[],"_links":{"self":[{"href":"https:\/\/nugnes.com\/index.php?rest_route=\/wp\/v2\/posts\/163353","targetHints":{"allow":["GET"]}}],"collection":[{"href":"https:\/\/nugnes.com\/index.php?rest_route=\/wp\/v2\/posts"}],"about":[{"href":"https:\/\/nugnes.com\/index.php?rest_route=\/wp\/v2\/types\/post"}],"author":[{"embeddable":true,"href":"https:\/\/nugnes.com\/index.php?rest_route=\/wp\/v2\/users\/103"}],"replies":[{"embeddable":true,"href":"https:\/\/nugnes.com\/index.php?rest_route=%2Fwp%2Fv2%2Fcomments&post=163353"}],"version-history":[{"count":1,"href":"https:\/\/nugnes.com\/index.php?rest_route=\/wp\/v2\/posts\/163353\/revisions"}],"predecessor-version":[{"id":163354,"href":"https:\/\/nugnes.com\/index.php?rest_route=\/wp\/v2\/posts\/163353\/revisions\/163354"}],"wp:attachment":[{"href":"https:\/\/nugnes.com\/index.php?rest_route=%2Fwp%2Fv2%2Fmedia&parent=163353"}],"wp:term":[{"taxonomy":"category","embeddable":true,"href":"https:\/\/nugnes.com\/index.php?rest_route=%2Fwp%2Fv2%2Fcategories&post=163353"},{"taxonomy":"post_tag","embeddable":true,"href":"https:\/\/nugnes.com\/index.php?rest_route=%2Fwp%2Fv2%2Ftags&post=163353"}],"curies":[{"name":"wp","href":"https:\/\/api.w.org\/{rel}","templated":true}]}}