{"id":163866,"date":"2021-03-05T10:28:50","date_gmt":"2021-03-05T10:28:50","guid":{"rendered":"https:\/\/www.fanpage.it\/?p=1392551"},"modified":"2021-03-05T10:28:50","modified_gmt":"2021-03-05T10:28:50","slug":"zingaretti-al-pd-il-problema-ero-io-mi-sono-fatto-da-parte-ora-si-costruisca-per-litalia","status":"publish","type":"post","link":"https:\/\/nugnes.com\/?p=163866","title":{"rendered":"Zingaretti al Pd: \u201cIl problema ero io? Mi sono fatto da parte, ora si costruisca per l\u2019Italia\u201d"},"content":{"rendered":"<img src=\"https:\/\/static.fanpage.it\/wp-content\/uploads\/2021\/03\/zingaretti-5-1614940228060-300x225.jpg\" \/><br \/>Nicola Zingaretti torna a parlare il giorno dopo le sue dimissioni da segretario del Partito Democratico: \"C'era il dubbio che il problema potessi essere io, ho tolto a tutti questo problema, ora si discuta e si costruisca per il bene dell'Italia\", ha detto il presidente del Lazio. \"Mi sono dimesso per spingere l'intero gruppo dirigente a un confronto pi\u00f9 vero e pi\u00f9 schietto, pi\u00f9 plurale ma anche solidale, senza ipocrisie\", ha spiegato Zingaretti.<br \/><a href=\"https:\/\/www.fanpage.it\/politica\/zingaretti-al-pd-il-problema-ero-io-mi-sono-fatto-da-parte-ora-si-costruisca-per-litalia\/\">Continua a leggere<\/a>","protected":false},"excerpt":{"rendered":"<p>Nicola Zingaretti torna a parlare il giorno dopo le sue dimissioni da segretario del Partito Democratico: &#8220;C&#8217;era il dubbio che il problema potessi essere io, ho tolto a tutti questo problema, ora si discuta e si costruisca per il bene dell&#8217;Italia&#8221;, ha &#8230;<\/p>\n","protected":false},"author":187,"featured_media":0,"comment_status":"closed","ping_status":"closed","sticky":false,"template":"","format":"standard","meta":{"om_disable_all_campaigns":false,"_monsterinsights_skip_tracking":false,"_monsterinsights_sitenote_active":false,"_monsterinsights_sitenote_note":"","_monsterinsights_sitenote_category":0,"footnotes":""},"categories":[748],"tags":[],"class_list":["post-163866","post","type-post","status-publish","format-standard","hentry","category-politica-italiana"],"aioseo_notices":[],"_links":{"self":[{"href":"https:\/\/nugnes.com\/index.php?rest_route=\/wp\/v2\/posts\/163866","targetHints":{"allow":["GET"]}}],"collection":[{"href":"https:\/\/nugnes.com\/index.php?rest_route=\/wp\/v2\/posts"}],"about":[{"href":"https:\/\/nugnes.com\/index.php?rest_route=\/wp\/v2\/types\/post"}],"author":[{"embeddable":true,"href":"https:\/\/nugnes.com\/index.php?rest_route=\/wp\/v2\/users\/187"}],"replies":[{"embeddable":true,"href":"https:\/\/nugnes.com\/index.php?rest_route=%2Fwp%2Fv2%2Fcomments&post=163866"}],"version-history":[{"count":1,"href":"https:\/\/nugnes.com\/index.php?rest_route=\/wp\/v2\/posts\/163866\/revisions"}],"predecessor-version":[{"id":163867,"href":"https:\/\/nugnes.com\/index.php?rest_route=\/wp\/v2\/posts\/163866\/revisions\/163867"}],"wp:attachment":[{"href":"https:\/\/nugnes.com\/index.php?rest_route=%2Fwp%2Fv2%2Fmedia&parent=163866"}],"wp:term":[{"taxonomy":"category","embeddable":true,"href":"https:\/\/nugnes.com\/index.php?rest_route=%2Fwp%2Fv2%2Fcategories&post=163866"},{"taxonomy":"post_tag","embeddable":true,"href":"https:\/\/nugnes.com\/index.php?rest_route=%2Fwp%2Fv2%2Ftags&post=163866"}],"curies":[{"name":"wp","href":"https:\/\/api.w.org\/{rel}","templated":true}]}}