{"id":164045,"date":"2021-03-05T14:52:41","date_gmt":"2021-03-05T14:52:41","guid":{"rendered":"https:\/\/tv.fanpage.it\/?p=384472"},"modified":"2021-03-05T14:52:41","modified_gmt":"2021-03-05T14:52:41","slug":"simona-ventura-ha-il-covid-come-sta-la-delusione-per-il-forfait-a-sanremo","status":"publish","type":"post","link":"https:\/\/nugnes.com\/?p=164045","title":{"rendered":"Simona Ventura ha il Covid, come sta: la delusione per il forfait a Sanremo"},"content":{"rendered":"<img src=\"https:\/\/static.fanpage.it\/wp-content\/uploads\/sites\/16\/2021\/03\/9584793_large.jpg\" \/><br \/>Il primo messaggio di Simona Ventura dopo la notizia della sua positivit\u00e0 al Covid. La conduttrice al momento risulta asintomatica e svela tutta la sua amarezza perch\u00e9 non potr\u00e0 salire sul palco dell'Ariston: era attesa al Festival di Sanremo 2021 per condurre con Amadeus la finale del 6 marzo.<br \/><a href=\"https:\/\/tv.fanpage.it\/simona-ventura-ha-il-covid-come-sta-la-delusione-per-il-forfait-a-sanremo\/\">Continua a leggere<\/a>","protected":false},"excerpt":{"rendered":"<p>Il primo messaggio di Simona Ventura dopo la notizia della sua positivit\u00e0 al Covid. La conduttrice al momento risulta asintomatica e svela tutta la sua amarezza perch\u00e9 non potr\u00e0 salire sul palco dell&#8217;Ariston: era attesa al Festival di Sanremo 2021 per &#8230;<\/p>\n","protected":false},"author":79,"featured_media":0,"comment_status":"closed","ping_status":"closed","sticky":false,"template":"","format":"standard","meta":{"om_disable_all_campaigns":false,"_monsterinsights_skip_tracking":false,"_monsterinsights_sitenote_active":false,"_monsterinsights_sitenote_note":"","_monsterinsights_sitenote_category":0,"footnotes":""},"categories":[744],"tags":[],"class_list":["post-164045","post","type-post","status-publish","format-standard","hentry","category-news"],"aioseo_notices":[],"_links":{"self":[{"href":"https:\/\/nugnes.com\/index.php?rest_route=\/wp\/v2\/posts\/164045","targetHints":{"allow":["GET"]}}],"collection":[{"href":"https:\/\/nugnes.com\/index.php?rest_route=\/wp\/v2\/posts"}],"about":[{"href":"https:\/\/nugnes.com\/index.php?rest_route=\/wp\/v2\/types\/post"}],"author":[{"embeddable":true,"href":"https:\/\/nugnes.com\/index.php?rest_route=\/wp\/v2\/users\/79"}],"replies":[{"embeddable":true,"href":"https:\/\/nugnes.com\/index.php?rest_route=%2Fwp%2Fv2%2Fcomments&post=164045"}],"version-history":[{"count":1,"href":"https:\/\/nugnes.com\/index.php?rest_route=\/wp\/v2\/posts\/164045\/revisions"}],"predecessor-version":[{"id":164046,"href":"https:\/\/nugnes.com\/index.php?rest_route=\/wp\/v2\/posts\/164045\/revisions\/164046"}],"wp:attachment":[{"href":"https:\/\/nugnes.com\/index.php?rest_route=%2Fwp%2Fv2%2Fmedia&parent=164045"}],"wp:term":[{"taxonomy":"category","embeddable":true,"href":"https:\/\/nugnes.com\/index.php?rest_route=%2Fwp%2Fv2%2Fcategories&post=164045"},{"taxonomy":"post_tag","embeddable":true,"href":"https:\/\/nugnes.com\/index.php?rest_route=%2Fwp%2Fv2%2Ftags&post=164045"}],"curies":[{"name":"wp","href":"https:\/\/api.w.org\/{rel}","templated":true}]}}