{"id":165307,"date":"2021-03-08T14:41:33","date_gmt":"2021-03-08T14:41:33","guid":{"rendered":"https:\/\/www.fanpage.it\/?p=1394109"},"modified":"2021-03-08T14:41:33","modified_gmt":"2021-03-08T14:41:33","slug":"guida-ubriaco-e-si-schianta-contro-la-vetrina-di-un-negozio-denunciato","status":"publish","type":"post","link":"https:\/\/nugnes.com\/?p=165307","title":{"rendered":"Guida ubriaco e si schianta contro la vetrina di un negozio: denunciato"},"content":{"rendered":"<img src=\"https:\/\/static.fanpage.it\/wp-content\/uploads\/2021\/03\/e01df819-1a4c-4554-b7ab-a49a6ce36ff1-638x425.jpg\" \/><br \/>Guidava la sua Fiat Punto sotto l'effetto di alcolici: cos\u00ec si \u00e8 schiantato contro la vetrina di un negozio ormai chiuso da tempo a Susa. Il ragazzo di 22 anni \u00e8 stato denunciato e gli \u00e8 stata ritirata la patente. Lo hanno curato i sanitari delle ambulanze di primo soccorso, ma fortunatamente le sue condizioni di salute non sono gravi.<br \/><a href=\"https:\/\/www.fanpage.it\/attualita\/guida-ubriaco-e-si-schianta-contro-la-vetrina-di-un-negozio-denunciato\/\">Continua a leggere<\/a>","protected":false},"excerpt":{"rendered":"<p>Guidava la sua Fiat Punto sotto l&#8217;effetto di alcolici: cos\u00ec si \u00e8 schiantato contro la vetrina di un negozio ormai chiuso da tempo a Susa. Il ragazzo di 22 anni \u00e8 stato denunciato e gli \u00e8 stata ritirata la patente. Lo hanno curato i sanitari delle ambul&#8230;<\/p>\n","protected":false},"author":210,"featured_media":0,"comment_status":"closed","ping_status":"closed","sticky":false,"template":"","format":"standard","meta":{"om_disable_all_campaigns":false,"_monsterinsights_skip_tracking":false,"_monsterinsights_sitenote_active":false,"_monsterinsights_sitenote_note":"","_monsterinsights_sitenote_category":0,"footnotes":""},"categories":[745],"tags":[],"class_list":["post-165307","post","type-post","status-publish","format-standard","hentry","category-attualita"],"aioseo_notices":[],"_links":{"self":[{"href":"https:\/\/nugnes.com\/index.php?rest_route=\/wp\/v2\/posts\/165307","targetHints":{"allow":["GET"]}}],"collection":[{"href":"https:\/\/nugnes.com\/index.php?rest_route=\/wp\/v2\/posts"}],"about":[{"href":"https:\/\/nugnes.com\/index.php?rest_route=\/wp\/v2\/types\/post"}],"author":[{"embeddable":true,"href":"https:\/\/nugnes.com\/index.php?rest_route=\/wp\/v2\/users\/210"}],"replies":[{"embeddable":true,"href":"https:\/\/nugnes.com\/index.php?rest_route=%2Fwp%2Fv2%2Fcomments&post=165307"}],"version-history":[{"count":1,"href":"https:\/\/nugnes.com\/index.php?rest_route=\/wp\/v2\/posts\/165307\/revisions"}],"predecessor-version":[{"id":165308,"href":"https:\/\/nugnes.com\/index.php?rest_route=\/wp\/v2\/posts\/165307\/revisions\/165308"}],"wp:attachment":[{"href":"https:\/\/nugnes.com\/index.php?rest_route=%2Fwp%2Fv2%2Fmedia&parent=165307"}],"wp:term":[{"taxonomy":"category","embeddable":true,"href":"https:\/\/nugnes.com\/index.php?rest_route=%2Fwp%2Fv2%2Fcategories&post=165307"},{"taxonomy":"post_tag","embeddable":true,"href":"https:\/\/nugnes.com\/index.php?rest_route=%2Fwp%2Fv2%2Ftags&post=165307"}],"curies":[{"name":"wp","href":"https:\/\/api.w.org\/{rel}","templated":true}]}}