{"id":166449,"date":"2021-03-10T12:50:58","date_gmt":"2021-03-10T12:50:58","guid":{"rendered":"https:\/\/www.fanpage.it\/milano\/?p=70920"},"modified":"2021-03-10T12:50:58","modified_gmt":"2021-03-10T12:50:58","slug":"regione-lombardia-ricorda-il-dottor-roberto-stella-il-primo-medico-morto-per-covid-un-anno-fa","status":"publish","type":"post","link":"https:\/\/nugnes.com\/?p=166449","title":{"rendered":"Regione Lombardia ricorda il dottor Roberto Stella, il primo medico morto per Covid un anno fa"},"content":{"rendered":"<img src=\"https:\/\/static.fanpage.it\/wp-content\/uploads\/sites\/3\/2020\/03\/Roberto-Stella-1024x689-638x425.jpg\" \/><br \/>Un anno fa, lo scorso 11 marzo, il dottor Roberto Stella moriva a causa del Coronavirus: \u00e8 stata la prima vittima del Covid-19 tra i medici in Italia. Un anno dopo la Regione Lombardia ricorder\u00e0 il presidente dell'Ordine dei medici di Varese con un evento online: sar\u00e0 presentato anche un premio per le migliori tesi in memoria di Stella.<br \/><a href=\"https:\/\/www.fanpage.it\/milano\/regione-lombardia-ricorda-il-dottor-roberto-stella-il-primo-medico-morto-per-covid-un-anno-fa\/\">Continua a leggere<\/a>","protected":false},"excerpt":{"rendered":"<p>Un anno fa, lo scorso 11 marzo, il dottor Roberto Stella moriva a causa del Coronavirus: \u00e8 stata la prima vittima del Covid-19 tra i medici in Italia. Un anno dopo la Regione Lombardia ricorder\u00e0 il presidente dell&#8217;Ordine dei medici di Varese con un eve&#8230;<\/p>\n","protected":false},"author":88,"featured_media":0,"comment_status":"closed","ping_status":"closed","sticky":false,"template":"","format":"standard","meta":{"om_disable_all_campaigns":false,"_monsterinsights_skip_tracking":false,"_monsterinsights_sitenote_active":false,"_monsterinsights_sitenote_note":"","_monsterinsights_sitenote_category":0,"footnotes":""},"categories":[745,10,236],"tags":[],"class_list":["post-166449","post","type-post","status-publish","format-standard","hentry","category-attualita","category-cronaca","category-lombardia"],"aioseo_notices":[],"_links":{"self":[{"href":"https:\/\/nugnes.com\/index.php?rest_route=\/wp\/v2\/posts\/166449","targetHints":{"allow":["GET"]}}],"collection":[{"href":"https:\/\/nugnes.com\/index.php?rest_route=\/wp\/v2\/posts"}],"about":[{"href":"https:\/\/nugnes.com\/index.php?rest_route=\/wp\/v2\/types\/post"}],"author":[{"embeddable":true,"href":"https:\/\/nugnes.com\/index.php?rest_route=\/wp\/v2\/users\/88"}],"replies":[{"embeddable":true,"href":"https:\/\/nugnes.com\/index.php?rest_route=%2Fwp%2Fv2%2Fcomments&post=166449"}],"version-history":[{"count":1,"href":"https:\/\/nugnes.com\/index.php?rest_route=\/wp\/v2\/posts\/166449\/revisions"}],"predecessor-version":[{"id":166450,"href":"https:\/\/nugnes.com\/index.php?rest_route=\/wp\/v2\/posts\/166449\/revisions\/166450"}],"wp:attachment":[{"href":"https:\/\/nugnes.com\/index.php?rest_route=%2Fwp%2Fv2%2Fmedia&parent=166449"}],"wp:term":[{"taxonomy":"category","embeddable":true,"href":"https:\/\/nugnes.com\/index.php?rest_route=%2Fwp%2Fv2%2Fcategories&post=166449"},{"taxonomy":"post_tag","embeddable":true,"href":"https:\/\/nugnes.com\/index.php?rest_route=%2Fwp%2Fv2%2Ftags&post=166449"}],"curies":[{"name":"wp","href":"https:\/\/api.w.org\/{rel}","templated":true}]}}