{"id":166453,"date":"2021-03-10T12:40:04","date_gmt":"2021-03-10T12:40:04","guid":{"rendered":"https:\/\/www.fanpage.it\/sport\/?p=1402198"},"modified":"2021-03-10T12:40:04","modified_gmt":"2021-03-10T12:40:04","slug":"agnelli-criticato-in-europa-vuole-cambiare-la-champions-perche-la-juve-non-sa-vincerla","status":"publish","type":"post","link":"https:\/\/nugnes.com\/?p=166453","title":{"rendered":"Agnelli criticato in Europa: \u201cVuole cambiare la Champions perch\u00e9 la Juve non sa vincerla\u201d"},"content":{"rendered":"<img src=\"https:\/\/static.fanpage.it\/wp-content\/uploads\/sites\/27\/2021\/03\/andrea-agnelli-juventus-eca-champions-superlega-638x425.jpg\" \/><br \/>Ragioni politiche, reazioni d'impulso e di rivalsa. C'\u00e8 tutto nel battage mediatico che arriva dall'estero e soffia sul fuoco delle contestazioni nei confronti del presidente della Juventus, Andrea Agnelli, dopo l'eliminazione negli ottavi. \"Juve-Porto \u00e8 stata l'essenza del calcio e della Champions per sempre. Se Andrea Agnelli non lo vuole pi\u00f9, spero che il calcio non voglia pi\u00f9 Andrea Agnelli\", uno dei commenti pi\u00f9 duri.<br \/><a href=\"https:\/\/www.fanpage.it\/sport\/calcio\/agnelli-criticato-in-europa-vuole-cambiare-la-champions-perche-la-juve-non-sa-vincerla\/\">Continua a leggere<\/a>","protected":false},"excerpt":{"rendered":"<p>Ragioni politiche, reazioni d&#8217;impulso e di rivalsa. C&#8217;\u00e8 tutto nel battage mediatico che arriva dall&#8217;estero e soffia sul fuoco delle contestazioni nei confronti del presidente della Juventus, Andrea Agnelli, dopo l&#8217;eliminazione negli ottavi. &#8220;Juve-Porto&#8230;<\/p>\n","protected":false},"author":100,"featured_media":0,"comment_status":"closed","ping_status":"closed","sticky":false,"template":"","format":"standard","meta":{"om_disable_all_campaigns":false,"_monsterinsights_skip_tracking":false,"_monsterinsights_sitenote_active":false,"_monsterinsights_sitenote_note":"","_monsterinsights_sitenote_category":0,"footnotes":""},"categories":[75,476,150,743],"tags":[],"class_list":["post-166453","post","type-post","status-publish","format-standard","hentry","category-calcio","category-champions-league","category-juventus","category-notizie"],"aioseo_notices":[],"_links":{"self":[{"href":"https:\/\/nugnes.com\/index.php?rest_route=\/wp\/v2\/posts\/166453","targetHints":{"allow":["GET"]}}],"collection":[{"href":"https:\/\/nugnes.com\/index.php?rest_route=\/wp\/v2\/posts"}],"about":[{"href":"https:\/\/nugnes.com\/index.php?rest_route=\/wp\/v2\/types\/post"}],"author":[{"embeddable":true,"href":"https:\/\/nugnes.com\/index.php?rest_route=\/wp\/v2\/users\/100"}],"replies":[{"embeddable":true,"href":"https:\/\/nugnes.com\/index.php?rest_route=%2Fwp%2Fv2%2Fcomments&post=166453"}],"version-history":[{"count":1,"href":"https:\/\/nugnes.com\/index.php?rest_route=\/wp\/v2\/posts\/166453\/revisions"}],"predecessor-version":[{"id":166454,"href":"https:\/\/nugnes.com\/index.php?rest_route=\/wp\/v2\/posts\/166453\/revisions\/166454"}],"wp:attachment":[{"href":"https:\/\/nugnes.com\/index.php?rest_route=%2Fwp%2Fv2%2Fmedia&parent=166453"}],"wp:term":[{"taxonomy":"category","embeddable":true,"href":"https:\/\/nugnes.com\/index.php?rest_route=%2Fwp%2Fv2%2Fcategories&post=166453"},{"taxonomy":"post_tag","embeddable":true,"href":"https:\/\/nugnes.com\/index.php?rest_route=%2Fwp%2Fv2%2Ftags&post=166453"}],"curies":[{"name":"wp","href":"https:\/\/api.w.org\/{rel}","templated":true}]}}