{"id":166488,"date":"2021-03-10T14:26:44","date_gmt":"2021-03-10T14:26:44","guid":{"rendered":"https:\/\/donna.fanpage.it\/?p=395387"},"modified":"2021-03-10T14:26:44","modified_gmt":"2021-03-10T14:26:44","slug":"ilary-blasi-e-pronta-per-lisola-dei-famosi-cosa-indossera-per-la-sua-prima-esperienza-al-reality","status":"publish","type":"post","link":"https:\/\/nugnes.com\/?p=166488","title":{"rendered":"Ilary Blasi \u00e8 pronta per L\u2019Isola dei Famosi: cosa indosser\u00e0 per la sua prima esperienza al reality"},"content":{"rendered":"<img src=\"https:\/\/static.fanpage.it\/wp-content\/uploads\/sites\/11\/2021\/03\/ilary-blasi-isola-dei-famosi-cosa-indossera.jpg\" \/><br \/>Il 15 marzo la nuova edizione de L'Isola dei Famosi e a presentarla sar\u00e0 una \"new entry\", Ilary Blasi. Da sempre ha spopolato con i suoi look sensuali e trendy e di certo anche per questa esperienza inedita dar\u00e0 il meglio di lei in fatto di stile. Cosa indosser\u00e0 sul palco di Canale 5? Torner\u00e0 a osare con le parrucche o preferir\u00e0 qualcosa di pi\u00f9 sobrio?<br \/><a href=\"https:\/\/donna.fanpage.it\/ilary-blasi-e-pronta-per-lisola-dei-famosi-cosa-indossera-per-la-sua-prima-esperienza-al-reality\/\">Continua a leggere<\/a>","protected":false},"excerpt":{"rendered":"<p>Il 15 marzo la nuova edizione de L&#8217;Isola dei Famosi e a presentarla sar\u00e0 una &#8220;new entry&#8221;, Ilary Blasi. Da sempre ha spopolato con i suoi look sensuali e trendy e di certo anche per questa esperienza inedita dar\u00e0 il meglio di lei in fatto di stile. Cosa&#8230;<\/p>\n","protected":false},"author":127,"featured_media":0,"comment_status":"closed","ping_status":"closed","sticky":false,"template":"","format":"standard","meta":{"om_disable_all_campaigns":false,"_monsterinsights_skip_tracking":false,"_monsterinsights_sitenote_active":false,"_monsterinsights_sitenote_note":"","_monsterinsights_sitenote_category":0,"footnotes":""},"categories":[795,799,744],"tags":[],"class_list":["post-166488","post","type-post","status-publish","format-standard","hentry","category-celebrita","category-look-da-star","category-news"],"aioseo_notices":[],"_links":{"self":[{"href":"https:\/\/nugnes.com\/index.php?rest_route=\/wp\/v2\/posts\/166488","targetHints":{"allow":["GET"]}}],"collection":[{"href":"https:\/\/nugnes.com\/index.php?rest_route=\/wp\/v2\/posts"}],"about":[{"href":"https:\/\/nugnes.com\/index.php?rest_route=\/wp\/v2\/types\/post"}],"author":[{"embeddable":true,"href":"https:\/\/nugnes.com\/index.php?rest_route=\/wp\/v2\/users\/127"}],"replies":[{"embeddable":true,"href":"https:\/\/nugnes.com\/index.php?rest_route=%2Fwp%2Fv2%2Fcomments&post=166488"}],"version-history":[{"count":1,"href":"https:\/\/nugnes.com\/index.php?rest_route=\/wp\/v2\/posts\/166488\/revisions"}],"predecessor-version":[{"id":166489,"href":"https:\/\/nugnes.com\/index.php?rest_route=\/wp\/v2\/posts\/166488\/revisions\/166489"}],"wp:attachment":[{"href":"https:\/\/nugnes.com\/index.php?rest_route=%2Fwp%2Fv2%2Fmedia&parent=166488"}],"wp:term":[{"taxonomy":"category","embeddable":true,"href":"https:\/\/nugnes.com\/index.php?rest_route=%2Fwp%2Fv2%2Fcategories&post=166488"},{"taxonomy":"post_tag","embeddable":true,"href":"https:\/\/nugnes.com\/index.php?rest_route=%2Fwp%2Fv2%2Ftags&post=166488"}],"curies":[{"name":"wp","href":"https:\/\/api.w.org\/{rel}","templated":true}]}}