{"id":166512,"date":"2021-03-10T13:46:57","date_gmt":"2021-03-10T13:46:57","guid":{"rendered":"https:\/\/www.fanpage.it\/milano\/?p=70916"},"modified":"2021-03-10T13:46:57","modified_gmt":"2021-03-10T13:46:57","slug":"lombardia-raggiunto-laccordo-per-vaccinare-nelle-aziende-fino-a-150mila-dosi-a-settimana","status":"publish","type":"post","link":"https:\/\/nugnes.com\/?p=166512","title":{"rendered":"Lombardia, raggiunto l\u2019accordo per vaccinare nelle aziende: \u201cFino a 150mila dosi a settimana\u201d"},"content":{"rendered":"<img src=\"https:\/\/static.fanpage.it\/wp-content\/uploads\/sites\/3\/2020\/01\/GettyImages-1173494774-638x425.jpg\" \/><br \/>Le aziende vaccineranno i propri lavoratori direttamente in sede. Cos\u00ec ha deciso Regione Lombardia annunciando l'accordo questa mattina con l'Ordine dei medici del lavoro, Confindustria e l'associazione Confapi (Confederazione italiana della piccola e media industria privata). La vicepresidente e assessore al Welfare di Regione Lombardia Letizia Moratti ha precisato che obiettivo della giunta \"\u00e8 quello di correre pi\u00f9 veloce del virus e questo nuovo filino di vaccinazioni aiuter\u00e0\". Si punta a somministrare 150mila vaccini a settimana.<br \/><a href=\"https:\/\/www.fanpage.it\/milano\/lombardia-raggiunto-laccordo-per-vaccinare-nelle-aziende-fino-a-150mila-dosi-a-settimana\/\">Continua a leggere<\/a>","protected":false},"excerpt":{"rendered":"<p>Le aziende vaccineranno i propri lavoratori direttamente in sede. Cos\u00ec ha deciso Regione Lombardia annunciando l&#8217;accordo questa mattina con l&#8217;Ordine dei medici del lavoro, Confindustria e l&#8217;associazione Confapi (Confederazione italiana della piccola e &#8230;<\/p>\n","protected":false},"author":222,"featured_media":0,"comment_status":"closed","ping_status":"closed","sticky":false,"template":"","format":"standard","meta":{"om_disable_all_campaigns":false,"_monsterinsights_skip_tracking":false,"_monsterinsights_sitenote_active":false,"_monsterinsights_sitenote_note":"","_monsterinsights_sitenote_category":0,"footnotes":""},"categories":[745,10,236],"tags":[],"class_list":["post-166512","post","type-post","status-publish","format-standard","hentry","category-attualita","category-cronaca","category-lombardia"],"aioseo_notices":[],"_links":{"self":[{"href":"https:\/\/nugnes.com\/index.php?rest_route=\/wp\/v2\/posts\/166512","targetHints":{"allow":["GET"]}}],"collection":[{"href":"https:\/\/nugnes.com\/index.php?rest_route=\/wp\/v2\/posts"}],"about":[{"href":"https:\/\/nugnes.com\/index.php?rest_route=\/wp\/v2\/types\/post"}],"author":[{"embeddable":true,"href":"https:\/\/nugnes.com\/index.php?rest_route=\/wp\/v2\/users\/222"}],"replies":[{"embeddable":true,"href":"https:\/\/nugnes.com\/index.php?rest_route=%2Fwp%2Fv2%2Fcomments&post=166512"}],"version-history":[{"count":1,"href":"https:\/\/nugnes.com\/index.php?rest_route=\/wp\/v2\/posts\/166512\/revisions"}],"predecessor-version":[{"id":166513,"href":"https:\/\/nugnes.com\/index.php?rest_route=\/wp\/v2\/posts\/166512\/revisions\/166513"}],"wp:attachment":[{"href":"https:\/\/nugnes.com\/index.php?rest_route=%2Fwp%2Fv2%2Fmedia&parent=166512"}],"wp:term":[{"taxonomy":"category","embeddable":true,"href":"https:\/\/nugnes.com\/index.php?rest_route=%2Fwp%2Fv2%2Fcategories&post=166512"},{"taxonomy":"post_tag","embeddable":true,"href":"https:\/\/nugnes.com\/index.php?rest_route=%2Fwp%2Fv2%2Ftags&post=166512"}],"curies":[{"name":"wp","href":"https:\/\/api.w.org\/{rel}","templated":true}]}}