{"id":167061,"date":"2021-03-11T12:43:44","date_gmt":"2021-03-11T12:43:44","guid":{"rendered":"https:\/\/www.fanpage.it\/?p=1396339"},"modified":"2021-03-11T12:43:44","modified_gmt":"2021-03-11T12:43:44","slug":"i-parlamentari-vogliono-vaccinare-deputati-senatori-e-sindaci-prima-delle-altre-categorie","status":"publish","type":"post","link":"https:\/\/nugnes.com\/?p=167061","title":{"rendered":"I parlamentari vogliono vaccinare deputati, senatori e sindaci prima delle altre categorie"},"content":{"rendered":"<img src=\"https:\/\/static.fanpage.it\/wp-content\/uploads\/2020\/12\/Senato-legge-di-bilancio-300x225.jpg\" \/><br \/>Un atto di oltre 30 senatori, la richiesta di singoli parlamentari e anche un ordine del giorno approvato dalla Camera: la richiesta \u00e8 quella di vaccinare contro il Covid prima i parlamentari e i sindaci, considerandoli categorie pi\u00f9 a rischio di altre. Ma c'\u00e8 gi\u00e0 chi si oppone, come Matteo Salvini e il presidente dell'Anci Antonio Decaro.<br \/><a href=\"https:\/\/www.fanpage.it\/politica\/i-parlamentari-vogliono-vaccinare-deputati-senatori-e-sindaci-prima-delle-altre-categorie\/\">Continua a leggere<\/a>","protected":false},"excerpt":{"rendered":"<p>Un atto di oltre 30 senatori, la richiesta di singoli parlamentari e anche un ordine del giorno approvato dalla Camera: la richiesta \u00e8 quella di vaccinare contro il Covid prima i parlamentari e i sindaci, considerandoli categorie pi\u00f9 a rischio di altre&#8230;<\/p>\n","protected":false},"author":108,"featured_media":0,"comment_status":"closed","ping_status":"closed","sticky":false,"template":"","format":"standard","meta":{"om_disable_all_campaigns":false,"_monsterinsights_skip_tracking":false,"_monsterinsights_sitenote_active":false,"_monsterinsights_sitenote_note":"","_monsterinsights_sitenote_category":0,"footnotes":""},"categories":[748],"tags":[],"class_list":["post-167061","post","type-post","status-publish","format-standard","hentry","category-politica-italiana"],"aioseo_notices":[],"_links":{"self":[{"href":"https:\/\/nugnes.com\/index.php?rest_route=\/wp\/v2\/posts\/167061","targetHints":{"allow":["GET"]}}],"collection":[{"href":"https:\/\/nugnes.com\/index.php?rest_route=\/wp\/v2\/posts"}],"about":[{"href":"https:\/\/nugnes.com\/index.php?rest_route=\/wp\/v2\/types\/post"}],"author":[{"embeddable":true,"href":"https:\/\/nugnes.com\/index.php?rest_route=\/wp\/v2\/users\/108"}],"replies":[{"embeddable":true,"href":"https:\/\/nugnes.com\/index.php?rest_route=%2Fwp%2Fv2%2Fcomments&post=167061"}],"version-history":[{"count":1,"href":"https:\/\/nugnes.com\/index.php?rest_route=\/wp\/v2\/posts\/167061\/revisions"}],"predecessor-version":[{"id":167063,"href":"https:\/\/nugnes.com\/index.php?rest_route=\/wp\/v2\/posts\/167061\/revisions\/167063"}],"wp:attachment":[{"href":"https:\/\/nugnes.com\/index.php?rest_route=%2Fwp%2Fv2%2Fmedia&parent=167061"}],"wp:term":[{"taxonomy":"category","embeddable":true,"href":"https:\/\/nugnes.com\/index.php?rest_route=%2Fwp%2Fv2%2Fcategories&post=167061"},{"taxonomy":"post_tag","embeddable":true,"href":"https:\/\/nugnes.com\/index.php?rest_route=%2Fwp%2Fv2%2Ftags&post=167061"}],"curies":[{"name":"wp","href":"https:\/\/api.w.org\/{rel}","templated":true}]}}