{"id":168908,"date":"2021-03-15T16:46:47","date_gmt":"2021-03-15T16:46:47","guid":{"rendered":"https:\/\/www.fanpage.it\/milano\/?p=71795"},"modified":"2021-03-15T16:46:47","modified_gmt":"2021-03-15T16:46:47","slug":"covid-lombardia-il-bollettino-di-oggi-15-marzo-2-185-contagi-e-79-morti-121-nuovi-ricoveri","status":"publish","type":"post","link":"https:\/\/nugnes.com\/?p=168908","title":{"rendered":"Covid Lombardia, il bollettino di oggi 15 marzo: 2.185 contagi e 79 morti, 121 nuovi ricoveri"},"content":{"rendered":"<img src=\"https:\/\/static.fanpage.it\/wp-content\/uploads\/sites\/29\/2020\/10\/CORONAVIRUS-LOMBARDIA-ARTICOLO-7-638x425.jpg\" \/><br \/>Sono 2.185 i nuovi casi di Coronavirus in Lombardia. Nelle ultime 24 ore sono stati purtroppo registrati altri 79 decessi, per un totale dall\u2019inizio della pandemia di 29.299 morti. Aumentano ancora sia i ricoveri in ospedale (pi\u00f9 121 per un totale di 6.198) sia il numero di persone ricoverate in terapia intensiva: sono 728 (pi\u00f9 14 rispetto a ieri). Ecco il bollettino con i dati di oggi luned\u00ec 15 marzo sui contagi Covid in Lombardia.<br \/><a href=\"https:\/\/www.fanpage.it\/milano\/covid-lombardia-il-bollettino-di-oggi-15-marzo-2-185-contagi-e-79-morti-121-nuovi-ricoveri\/\">Continua a leggere<\/a>","protected":false},"excerpt":{"rendered":"<p>Sono 2.185 i nuovi casi di Coronavirus in Lombardia. Nelle ultime 24 ore sono stati purtroppo registrati altri 79 decessi, per un totale dall\u2019inizio della pandemia di 29.299 morti. Aumentano ancora sia i ricoveri in ospedale (pi\u00f9 121 per un totale di 6&#8230;<\/p>\n","protected":false},"author":98,"featured_media":0,"comment_status":"closed","ping_status":"closed","sticky":false,"template":"","format":"standard","meta":{"om_disable_all_campaigns":false,"_monsterinsights_skip_tracking":false,"_monsterinsights_sitenote_active":false,"_monsterinsights_sitenote_note":"","_monsterinsights_sitenote_category":0,"footnotes":""},"categories":[745,236],"tags":[],"class_list":["post-168908","post","type-post","status-publish","format-standard","hentry","category-attualita","category-lombardia"],"aioseo_notices":[],"_links":{"self":[{"href":"https:\/\/nugnes.com\/index.php?rest_route=\/wp\/v2\/posts\/168908","targetHints":{"allow":["GET"]}}],"collection":[{"href":"https:\/\/nugnes.com\/index.php?rest_route=\/wp\/v2\/posts"}],"about":[{"href":"https:\/\/nugnes.com\/index.php?rest_route=\/wp\/v2\/types\/post"}],"author":[{"embeddable":true,"href":"https:\/\/nugnes.com\/index.php?rest_route=\/wp\/v2\/users\/98"}],"replies":[{"embeddable":true,"href":"https:\/\/nugnes.com\/index.php?rest_route=%2Fwp%2Fv2%2Fcomments&post=168908"}],"version-history":[{"count":1,"href":"https:\/\/nugnes.com\/index.php?rest_route=\/wp\/v2\/posts\/168908\/revisions"}],"predecessor-version":[{"id":168909,"href":"https:\/\/nugnes.com\/index.php?rest_route=\/wp\/v2\/posts\/168908\/revisions\/168909"}],"wp:attachment":[{"href":"https:\/\/nugnes.com\/index.php?rest_route=%2Fwp%2Fv2%2Fmedia&parent=168908"}],"wp:term":[{"taxonomy":"category","embeddable":true,"href":"https:\/\/nugnes.com\/index.php?rest_route=%2Fwp%2Fv2%2Fcategories&post=168908"},{"taxonomy":"post_tag","embeddable":true,"href":"https:\/\/nugnes.com\/index.php?rest_route=%2Fwp%2Fv2%2Ftags&post=168908"}],"curies":[{"name":"wp","href":"https:\/\/api.w.org\/{rel}","templated":true}]}}