{"id":168912,"date":"2021-03-15T16:32:39","date_gmt":"2021-03-15T16:32:39","guid":{"rendered":"https:\/\/www.fanpage.it\/milano\/?p=71867"},"modified":"2021-03-15T16:32:39","modified_gmt":"2021-03-15T16:32:39","slug":"nuovo-atto-di-autolesionismo-per-fabrizio-corona-si-colpisce-alle-vene-con-una-biro-in-ospedale","status":"publish","type":"post","link":"https:\/\/nugnes.com\/?p=168912","title":{"rendered":"Nuovo atto di autolesionismo per Fabrizio Corona: si colpisce alle vene con una biro in ospedale"},"content":{"rendered":"<img src=\"https:\/\/static.fanpage.it\/wp-content\/uploads\/sites\/3\/2020\/06\/fabrizio-corona-1573557770009-1591609292794-638x425.jpg\" \/><br \/>Fabrizio Corona si sarebbe nuovamente ferito alle vene delle braccia con una penna biro. A comunicarlo uno dei suoi legali, Cristina Morrone, che questa mattina \u00e8 andato a trovare Corona all'ospedale Niguarda di Milano, dove l'ex re dei paparazzi \u00e8 ricoverato in attesa di tornare in carcere. Gi\u00e0 la scorsa settimana, dopo la decisione del Tribunale di sorveglianza di revocargli i domiciliari, Corona si era ferito a un braccio per protesta, mostrandosi poi sanguinante sui social.<br \/><a href=\"https:\/\/www.fanpage.it\/milano\/nuovo-atto-di-autolesionismo-per-fabrizio-corona-si-colpisce-alle-vene-con-una-biro-in-ospedale\/\">Continua a leggere<\/a>","protected":false},"excerpt":{"rendered":"<p>Fabrizio Corona si sarebbe nuovamente ferito alle vene delle braccia con una penna biro. A comunicarlo uno dei suoi legali, Cristina Morrone, che questa mattina \u00e8 andato a trovare Corona all&#8217;ospedale Niguarda di Milano, dove l&#8217;ex re dei paparazzi \u00e8 ric&#8230;<\/p>\n","protected":false},"author":88,"featured_media":0,"comment_status":"closed","ping_status":"closed","sticky":false,"template":"","format":"standard","meta":{"om_disable_all_campaigns":false,"_monsterinsights_skip_tracking":false,"_monsterinsights_sitenote_active":false,"_monsterinsights_sitenote_note":"","_monsterinsights_sitenote_category":0,"footnotes":""},"categories":[745,10],"tags":[],"class_list":["post-168912","post","type-post","status-publish","format-standard","hentry","category-attualita","category-cronaca"],"aioseo_notices":[],"_links":{"self":[{"href":"https:\/\/nugnes.com\/index.php?rest_route=\/wp\/v2\/posts\/168912","targetHints":{"allow":["GET"]}}],"collection":[{"href":"https:\/\/nugnes.com\/index.php?rest_route=\/wp\/v2\/posts"}],"about":[{"href":"https:\/\/nugnes.com\/index.php?rest_route=\/wp\/v2\/types\/post"}],"author":[{"embeddable":true,"href":"https:\/\/nugnes.com\/index.php?rest_route=\/wp\/v2\/users\/88"}],"replies":[{"embeddable":true,"href":"https:\/\/nugnes.com\/index.php?rest_route=%2Fwp%2Fv2%2Fcomments&post=168912"}],"version-history":[{"count":1,"href":"https:\/\/nugnes.com\/index.php?rest_route=\/wp\/v2\/posts\/168912\/revisions"}],"predecessor-version":[{"id":168913,"href":"https:\/\/nugnes.com\/index.php?rest_route=\/wp\/v2\/posts\/168912\/revisions\/168913"}],"wp:attachment":[{"href":"https:\/\/nugnes.com\/index.php?rest_route=%2Fwp%2Fv2%2Fmedia&parent=168912"}],"wp:term":[{"taxonomy":"category","embeddable":true,"href":"https:\/\/nugnes.com\/index.php?rest_route=%2Fwp%2Fv2%2Fcategories&post=168912"},{"taxonomy":"post_tag","embeddable":true,"href":"https:\/\/nugnes.com\/index.php?rest_route=%2Fwp%2Fv2%2Ftags&post=168912"}],"curies":[{"name":"wp","href":"https:\/\/api.w.org\/{rel}","templated":true}]}}